{"id":24478,"date":"2011-08-15T00:00:00","date_gmt":"2011-08-15T03:00:00","guid":{"rendered":"https:\/\/www.cnbb.org.br\/marcha-luminosa-contra-a-violencia-e-exterminio-de-jovens\/"},"modified":"2011-08-15T00:00:00","modified_gmt":"2011-08-15T03:00:00","slug":"marcha-luminosa-contra-a-violencia-e-exterminio-de-jovens","status":"publish","type":"post","link":"https:\/\/www.cnbb.org.br\/marcha-luminosa-contra-a-violencia-e-exterminio-de-jovens\/","title":{"rendered":"Marcha luminosa contra a viol\u00eancia e exterm\u00ednio de jovens"},"content":{"rendered":"<p style=\"text-align: justify\">A Miss\u00e3o Franciscana do Mato Grosso e no Mato Grosso do Sul, em parceria com os grupos jovens da par\u00f3quia Sagrado Cora\u00e7\u00e3o de Jesus, em Rondon\u00f3polis (MT) est\u00e3o organizando, para o pr\u00f3ximo dia 11 de setembro, a 2\u00aa Marcha Luminosa Contra a Viol\u00eancia e Exterm\u00ednio de Jovens.<\/p>\n<p><!--more--><\/p>\n<p style=\"text-align: justify\">O tema para este ano ser\u00e1 \u201cPais e filhos em marcha luminosa contra a viol\u00eancia e o exterm\u00ednio de jovens\u201d, e o lema \u201cA juventude quer viver\u201d.\u00a0 A marcha \u00e9 fruto da parceria com o grupo de cursilho da par\u00f3quia Sagrado Cora\u00e7\u00e3o de Jesus que, este ano, ajudar\u00e1 nos encaminhamentos do evento.<\/p>\n<p style=\"text-align: justify\">Segundo os organizadores da marcha, algumas pesquisas apontam um elevado \u00edndice de viol\u00eancia e morte entre os jovens dos dois estados. \u201cOutras pesquisas afirmaram que Rondon\u00f3polis, no tri\u00eanio de 2007 a 2010, matou mais jovens e adolescentes do que a Espanha inteira no mesmo per\u00edodo\u201d, explicam os organizadores da marcha.<\/p>\n<p style=\"text-align: justify\"><img decoding=\"async\" loading=\"lazy\" class=\" alignright size-full wp-image-11191\" style=\"float: right\" src=\"https:\/\/www.cnbb.org.br\/wp-content\/uploads\/2020\/03\/CAMPANHA_DA_VELA.jpg\" alt=\"CAMPANHA_DA_VELA\" width=\"180\" height=\"254\" \/>A concentra\u00e7\u00e3o para a marcha ser\u00e1 no Aspirantado S\u00e3o Francisco, \u00e0s 17h.<\/p>\n<h4 style=\"text-align: justify\">Campanha da Vela<\/h4>\n<p class=\"MsoNormal\" style=\"text-align: justify\">No mesmo dia, em Rondon\u00f3polis, a Miss\u00e3o Franciscana promove a Campanha da Vela Acesa em Prol da Vida, e pede a todos que acendam uma vela, \u00e0s 18h, como s\u00edmbolo \u201cda vida e da ressurrei\u00e7\u00e3o\u201d dos jovens mortos na cidade.<\/p>\n","protected":false},"excerpt":{"rendered":"<p>A Miss\u00e3o Franciscana do Mato Grosso e no Mato Grosso do Sul, em parceria com os grupos jovens da par\u00f3quia Sagrado Cora\u00e7\u00e3o de Jesus, em Rondon\u00f3polis (MT) est\u00e3o organizando, para o pr\u00f3ximo dia 11 de setembro, a 2\u00aa Marcha Luminosa Contra a Viol\u00eancia e Exterm\u00ednio de Jovens.<\/p>\n","protected":false},"author":83,"featured_media":24479,"comment_status":"open","ping_status":"open","sticky":false,"template":"","format":"standard","meta":{"site-sidebar-layout":"default","site-content-layout":"default","ast-global-header-display":"","ast-banner-title-visibility":"","ast-main-header-display":"","ast-hfb-above-header-display":"","ast-hfb-below-header-display":"","ast-hfb-mobile-header-display":"","site-post-title":"","ast-breadcrumbs-content":"","ast-featured-img":"","footer-sml-layout":"","theme-transparent-header-meta":"","adv-header-id-meta":"","stick-header-meta":"","header-above-stick-meta":"","header-main-stick-meta":"","header-below-stick-meta":""},"categories":[788,769],"tags":[],"acf":[],"_links":{"self":[{"href":"https:\/\/www.cnbb.org.br\/cnbb-app\/wp\/v2\/posts\/24478"}],"collection":[{"href":"https:\/\/www.cnbb.org.br\/cnbb-app\/wp\/v2\/posts"}],"about":[{"href":"https:\/\/www.cnbb.org.br\/cnbb-app\/wp\/v2\/types\/post"}],"author":[{"embeddable":true,"href":"https:\/\/www.cnbb.org.br\/cnbb-app\/wp\/v2\/users\/83"}],"replies":[{"embeddable":true,"href":"https:\/\/www.cnbb.org.br\/cnbb-app\/wp\/v2\/comments?post=24478"}],"version-history":[{"count":0,"href":"https:\/\/www.cnbb.org.br\/cnbb-app\/wp\/v2\/posts\/24478\/revisions"}],"wp:featuredmedia":[{"embeddable":true,"href":"https:\/\/www.cnbb.org.br\/cnbb-app\/wp\/v2\/media\/24479"}],"wp:attachment":[{"href":"https:\/\/www.cnbb.org.br\/cnbb-app\/wp\/v2\/media?parent=24478"}],"wp:term":[{"taxonomy":"category","embeddable":true,"href":"https:\/\/www.cnbb.org.br\/cnbb-app\/wp\/v2\/categories?post=24478"},{"taxonomy":"post_tag","embeddable":true,"href":"https:\/\/www.cnbb.org.br\/cnbb-app\/wp\/v2\/tags?post=24478"}],"curies":[{"name":"wp","href":"https:\/\/api.w.org\/{rel}","templated":true}]}}