{"id":244787,"date":"2020-08-20T09:31:33","date_gmt":"2020-08-20T12:31:33","guid":{"rendered":"https:\/\/www.cnbb.org.br\/?p=244787"},"modified":"2020-08-20T09:31:33","modified_gmt":"2020-08-20T12:31:33","slug":"bispos-do-ne-2-convidam-a-profunda-reflexao-sobre-a-vida-e-os-valores-que-a-regem","status":"publish","type":"post","link":"https:\/\/www.cnbb.org.br\/bispos-do-ne-2-convidam-a-profunda-reflexao-sobre-a-vida-e-os-valores-que-a-regem\/","title":{"rendered":"Bispos do NE 2 convidam a profunda reflex\u00e3o sobre a vida e os valores que a regem"},"content":{"rendered":"<p style=\"text-align: justify\" data-raofz=\"15\">O Conselho Episcopal Regional Nordeste 2 (Conser) emitiu, nesta quarta-feira (19), nota oficial convidando a todos os fi\u00e9is cat\u00f3licos a fazerem uma profunda reflex\u00e3o \u201csobre a vida e sobre os valores que a regem\u201d. O documento dever\u00e1 ser lido em todas as igrejas dos Estados de Alagoas, da Para\u00edba, de Pernambuco e do Rio Grande do Norte, no final da celebra\u00e7\u00e3o da Eucaristia, no pr\u00f3ximo domingo, dia 23.<\/p>\n<p style=\"text-align: justify\" data-raofz=\"15\">No texto, os bispos reafirmam que acompanharam \u201ccom o cora\u00e7\u00e3o inquieto e perplexo, o caso da menina capixaba de 10 anos que, abusada no seio familiar, engravidou e, depois de 22 semanas, abortou, via concess\u00e3o judicial\u201d. O aborto foi consumado no domingo (16), no Recife, cidade onde est\u00e1 a sede do Regional Nordeste 2 da CNBB.<\/p>\n<p style=\"text-align: justify\" data-raofz=\"15\">\u201cAssim, tamb\u00e9m n\u00f3s, membros do Conser, resolvemos manifestar nossa solidariedade aos que sofreram e sofrem por causa do abuso, e proferir uma palavra de encorajamento e esperan\u00e7a aos fi\u00e9is cat\u00f3licos que est\u00e3o sob nossa responsabilidade moral e pastoral, e aos homens e mulheres de boa vontade, para que mantenham erguida a bandeira da paz e da inegoci\u00e1vel defesa da vida\u201d, diz um trecho da mensagem.<\/p>\n<p style=\"text-align: justify\" data-raofz=\"15\"><a href=\"http:\/\/cnbbne2.org.br\/nota-oficial-da-cnbb-ne2-a-todos-os-fieis-catolicos-e-aos-homens-e-mulheres-de-boa-vontade\/\" target=\"_blank\" rel=\"noopener\">Confira a nota na \u00edntegra.\u00a0<\/a><\/p>\n","protected":false},"excerpt":{"rendered":"<p>Documento dever\u00e1 ser lido em todas as igrejas de Alagoas, Para\u00edba, Pernambuco e Rio Grande do Norte nas missas do pr\u00f3ximo domingo, dia 23<\/p>\n","protected":false},"author":83,"featured_media":244788,"comment_status":"closed","ping_status":"open","sticky":false,"template":"","format":"standard","meta":{"site-sidebar-layout":"default","site-content-layout":"default","ast-global-header-display":"","ast-banner-title-visibility":"","ast-main-header-display":"","ast-hfb-above-header-display":"","ast-hfb-below-header-display":"","ast-hfb-mobile-header-display":"","site-post-title":"","ast-breadcrumbs-content":"","ast-featured-img":"","footer-sml-layout":"","theme-transparent-header-meta":"","adv-header-id-meta":"","stick-header-meta":"","header-above-stick-meta":"","header-main-stick-meta":"","header-below-stick-meta":""},"categories":[770],"tags":[2716,2482,1314],"acf":[],"_links":{"self":[{"href":"https:\/\/www.cnbb.org.br\/cnbb-app\/wp\/v2\/posts\/244787"}],"collection":[{"href":"https:\/\/www.cnbb.org.br\/cnbb-app\/wp\/v2\/posts"}],"about":[{"href":"https:\/\/www.cnbb.org.br\/cnbb-app\/wp\/v2\/types\/post"}],"author":[{"embeddable":true,"href":"https:\/\/www.cnbb.org.br\/cnbb-app\/wp\/v2\/users\/83"}],"replies":[{"embeddable":true,"href":"https:\/\/www.cnbb.org.br\/cnbb-app\/wp\/v2\/comments?post=244787"}],"version-history":[{"count":0,"href":"https:\/\/www.cnbb.org.br\/cnbb-app\/wp\/v2\/posts\/244787\/revisions"}],"wp:featuredmedia":[{"embeddable":true,"href":"https:\/\/www.cnbb.org.br\/cnbb-app\/wp\/v2\/media\/244788"}],"wp:attachment":[{"href":"https:\/\/www.cnbb.org.br\/cnbb-app\/wp\/v2\/media?parent=244787"}],"wp:term":[{"taxonomy":"category","embeddable":true,"href":"https:\/\/www.cnbb.org.br\/cnbb-app\/wp\/v2\/categories?post=244787"},{"taxonomy":"post_tag","embeddable":true,"href":"https:\/\/www.cnbb.org.br\/cnbb-app\/wp\/v2\/tags?post=244787"}],"curies":[{"name":"wp","href":"https:\/\/api.w.org\/{rel}","templated":true}]}}