{"id":244790,"date":"2020-08-20T14:56:37","date_gmt":"2020-08-20T17:56:37","guid":{"rendered":"https:\/\/www.cnbb.org.br\/?p=244790"},"modified":"2020-08-20T14:56:37","modified_gmt":"2020-08-20T17:56:37","slug":"emissarios-da-entrega-de-24-respiradores-enviados-pelo-papa-sao-recebidos-na-cnbb-e-nunciatura-apostolica","status":"publish","type":"post","link":"https:\/\/www.cnbb.org.br\/emissarios-da-entrega-de-24-respiradores-enviados-pelo-papa-sao-recebidos-na-cnbb-e-nunciatura-apostolica\/","title":{"rendered":"Emiss\u00e1rios da entrega de 24 respiradores enviados pelo Papa s\u00e3o recebidos na CNBB e Nunciatura Apost\u00f3lica"},"content":{"rendered":"<p style=\"text-align: justify\">Os emiss\u00e1rios do Papa Francisco, doutores Paulo Tachine e Antonio Guizzetti, representantes da &#8220;<a href=\"https:\/\/www.hopeonlus.org\/en\/who-we-are\/\" target=\"_blank\" rel=\"noopener\">Hope Onlus<\/a>&#8220;, continuam empenhados em sua miss\u00e3o humanit\u00e1ria no Brasil. Conforme foi anunciado na segunda-feira, 17 de agosto, pela a Esmolaria Apost\u00f3lica do Vaticano, eles t\u00eam a tarefa de fazer chegar ao seu destino os 24 respiradores para 6 hospitais religiosos espalhados sobre o territ\u00f3rio brasileiro para ajudar na cura de pacientes doentes pela Covid-19. A <a href=\"http:\/\/www.vatican.va\/roman_curia\/institutions_connected\/elem_apost\/documents\/rc_elemosineria_pro_20121106_profile_po.html\" target=\"_blank\" rel=\"noopener\">Esmolaria Apost\u00f3lica<\/a> \u00e9 o departamento da Santa S\u00e9 que tem a fun\u00e7\u00e3o de exercer a caridade do Papa para com os pobres.<\/p>\n<p style=\"text-align: justify\">Desde ontem, 19 de agosto, eles cumprem agenda em Bras\u00edlia-DF. Desta vez, eles foram recebidos na Confer\u00eancia Nacional dos Bispos do Brasil (CNBB) antes de seguir para a agenda de viagens da entrega dos respiradores enviados pelo Santo Padre para cidades brasileiras. Eles tamb\u00e9m foram recebidos pelo n\u00fancio apost\u00f3lico do Brasil, dom Giovanni d&#8217;Aniello.<\/p>\n<p style=\"text-align: justify\">O cronograma de entregas ser\u00e1 nos pr\u00f3ximos dias nas cidades de Goi\u00e2nia-GO, Tocantin\u00f3polis-TO, Crato-CE,\u00a0 Aracaju-SE, Porto Alegre-RS e Rio de Janeiro-RJ. Nestas localidades, eles far\u00e3o a entrega de respiradores a hospitais locais e aos arcebispos metropolitanos.<\/p>\n<p style=\"text-align: justify\">Na CNBB, eles foram recebidos, observando as regras dos distanciamento social imposto pela pandemia, pelo bispo auxiliar do Rio de Janeiro e secret\u00e1rio-geral da entidade, dom Joel Portella Amado, pelo subsecret\u00e1rio-geral da CNBB, padre Dirceu Oliveira de Medeiros e pelo subsecret\u00e1rio adjunto de pastoral, padre Marcus Barbosa.<\/p>\n<p style=\"text-align: justify\">Segundo o secret\u00e1rio-geral da CNBB, dom Joel Amado, a pandemia provocou ainda mais nossa solidariedade e o Santo Padre, por meio da Esmolaria, fez essa doa\u00e7\u00e3o de respiradores e outros equipamentos.\u00a0 &#8220;A Igreja anuncia o Evangelho pelo testemunho e essa doa\u00e7\u00e3o deve ser acolhida como est\u00edmulo a que continuemos com nossa generosidade e nossa solidariedade, compartilhando o que temos em vista do bem de muitos, talvez de todos&#8221;, afirmou.<\/p>\n<h5>Entenda a doa\u00e7\u00e3o do Papa Francisco<\/h5>\n<p style=\"text-align: justify\">O papa Francisco enviou ao Brasil suprimentos m\u00e9dicos, 24 ventiladores pulmonares e seis aparelhos de ultrassom com o objetivo de ajudar o pa\u00eds no combate \u00e0 pandemia da Covid-19, informou no in\u00edcio da semana, segunda-feira , 17 de agosto, a Esmolaria Apost\u00f3lica. \u00c9 por meio da Esmolaria Apost\u00f3lica que o Papa exerce a caridade.<\/p>\n<p style=\"text-align: justify\">\u201cA fim de concretizar a proximidade e o carinho do Santo Padre neste momento de dura prova\u00e7\u00e3o e dificuldade, ele se mobilizou de diferentes formas e em mais frentes para buscar suprimentos m\u00e9dicos e equipamentos eletrom\u00e9dicos para doar a muitos centros de sa\u00fade que est\u00e3o em situa\u00e7\u00e3o de emerg\u00eancia e pobreza para encontrar os meios necess\u00e1rios para salvar e curar muitas vidas humanas\u201d, afirmou o comunicado emitido pelo Vaticano.<\/p>\n<p style=\"text-align: justify\">A nota se refere aos 24 ventiladores Drager UTI e seis aparelhos de ultrassom port\u00e1teis Fuji tamb\u00e9m foram enviados nestes dias. Uma vez no Brasil, esses aparelhos ser\u00e3o entregues e doados a v\u00e1rios hospitais indicados pela Nunciatura Apost\u00f3lica para que este gesto \u201cpossa ajudar os mais pobres e necessitados\u201d.<\/p>\n<h4>O que \u00e9 a Esmolaria Apost\u00f3lica<\/h4>\n<figure id=\"attachment_244829\" aria-describedby=\"caption-attachment-244829\" style=\"width: 300px\" class=\"wp-caption alignleft\"><a href=\"https:\/\/www.cnbb.org.br\/wp-content\/uploads\/2020\/08\/Emolaria-Apostolica.jpg\" data-rel=\"lightbox-image-0\" data-rl_title=\"\" data-rl_caption=\"\" title=\"\"><img decoding=\"async\" loading=\"lazy\" class=\"wp-image-244829 size-medium\" src=\"https:\/\/www.cnbb.org.br\/wp-content\/uploads\/2020\/08\/Emolaria-Apostolica-300x225.jpg\" alt=\"\" width=\"300\" height=\"225\" \/><\/a><figcaption id=\"caption-attachment-244829\" class=\"wp-caption-text\">Fachada da Esmolaria Apost\u00f3lica na Santa S\u00e9, no Vaticano. Foto: reprodu\u00e7\u00e3o Vaticano.<\/figcaption><\/figure>\n<p style=\"text-align: justify\">O Papa que por primeiro organizou a Esmolaria Apost\u00f3lica foi o Bem-aventurado Greg\u00f3rio X (1271-1276), o qual estabeleceu as atribui\u00e7\u00f5es do Esmoler, Tamb\u00e9m Alexandre V, com uma Bula de 1409, regulamentou as formalidades e as normas da Esmolaria, que sempre desempenhou a pr\u00f3pria atividade gra\u00e7as aos cont\u00ednuos desvelos dos Pont\u00edfices Romanos. O Esmoler de Sua Santidade tem a dignidade Arquiepiscopal, faz parte da Fam\u00edlia Pontif\u00edcia e, como tal, toma parte nas celebra\u00e7\u00f5es lit\u00fargicas e nas Audi\u00eancias oficiais do Santo Padre.<\/p>\n<p style=\"text-align: justify\">O Papa Le\u00e3o XIII, tamb\u00e9m com o objetivo de favorecer a coleta de fundos para as obras de caridade confiadas \u00e0 Esmolaria, delegou ao Esmoler a faculdade de conceder a B\u00ean\u00e7\u00e3o Apost\u00f3lica por meio de diplomas em papel pergaminho, os quais, para ser aut\u00eanticos, devem ter a assinatura do mesmo Esmoler e o carimbo a seco do seu Departamento.<\/p>\n<p style=\"text-align: justify\">Note-se que a concess\u00e3o da B\u00ean\u00e7\u00e3o Papal \u00e9 completamente gratuita e que os custos se referem unicamente ao pergaminho e aos gastos para a sua prepara\u00e7\u00e3o e expedi\u00e7\u00e3o, assim como de um contributo para o exerc\u00edcio da caridade Papal. Todas as entradas que chegam \u00e0 Esmolaria Apost\u00f3lica como contribui\u00e7\u00e3o para a emiss\u00e3o de diplomas de B\u00ean\u00e7\u00e3os s\u00e3o inteiramente destinados \u00e0 caridade que este Departamento exerce para com os desvalidos que todos os dias, nas suas necessidades, estendem as m\u00e3os pedindo adjut\u00f3rio ao Sucessor de Pedro.<\/p>\n","protected":false},"excerpt":{"rendered":"<p>Em agradecimento ao gesto do Santo Padre, o secret\u00e1rio-geral da CNBB, dom Joel Portella Amado disse: &#8220;A Igreja anuncia o Evangelho pelo testemunho e essa doa\u00e7\u00e3o deve ser acolhida como est\u00edmulo a que continuemos com nossa generosidade e nossa solidariedade, compartilhando o que temos em vista do bem de muitos.&#8221;<\/p>\n","protected":false},"author":83,"featured_media":245143,"comment_status":"closed","ping_status":"open","sticky":false,"template":"","format":"standard","meta":{"site-sidebar-layout":"default","site-content-layout":"default","ast-global-header-display":"","ast-banner-title-visibility":"","ast-main-header-display":"","ast-hfb-above-header-display":"","ast-hfb-below-header-display":"","ast-hfb-mobile-header-display":"","site-post-title":"","ast-breadcrumbs-content":"","ast-featured-img":"","footer-sml-layout":"","theme-transparent-header-meta":"","adv-header-id-meta":"","stick-header-meta":"","header-above-stick-meta":"","header-main-stick-meta":"","header-below-stick-meta":""},"categories":[784],"tags":[2740,2741],"acf":[],"_links":{"self":[{"href":"https:\/\/www.cnbb.org.br\/cnbb-app\/wp\/v2\/posts\/244790"}],"collection":[{"href":"https:\/\/www.cnbb.org.br\/cnbb-app\/wp\/v2\/posts"}],"about":[{"href":"https:\/\/www.cnbb.org.br\/cnbb-app\/wp\/v2\/types\/post"}],"author":[{"embeddable":true,"href":"https:\/\/www.cnbb.org.br\/cnbb-app\/wp\/v2\/users\/83"}],"replies":[{"embeddable":true,"href":"https:\/\/www.cnbb.org.br\/cnbb-app\/wp\/v2\/comments?post=244790"}],"version-history":[{"count":0,"href":"https:\/\/www.cnbb.org.br\/cnbb-app\/wp\/v2\/posts\/244790\/revisions"}],"wp:featuredmedia":[{"embeddable":true,"href":"https:\/\/www.cnbb.org.br\/cnbb-app\/wp\/v2\/media\/245143"}],"wp:attachment":[{"href":"https:\/\/www.cnbb.org.br\/cnbb-app\/wp\/v2\/media?parent=244790"}],"wp:term":[{"taxonomy":"category","embeddable":true,"href":"https:\/\/www.cnbb.org.br\/cnbb-app\/wp\/v2\/categories?post=244790"},{"taxonomy":"post_tag","embeddable":true,"href":"https:\/\/www.cnbb.org.br\/cnbb-app\/wp\/v2\/tags?post=244790"}],"curies":[{"name":"wp","href":"https:\/\/api.w.org\/{rel}","templated":true}]}}