{"id":24494,"date":"2012-08-15T00:00:00","date_gmt":"2012-08-15T03:00:00","guid":{"rendered":"https:\/\/www.cnbb.org.br\/pastoral-familiar-do-regional-oeste-1-realiza-encontro-de-formacao\/"},"modified":"2012-08-15T00:00:00","modified_gmt":"2012-08-15T03:00:00","slug":"pastoral-familiar-do-regional-oeste-1-realiza-encontro-de-formacao","status":"publish","type":"post","link":"https:\/\/www.cnbb.org.br\/pastoral-familiar-do-regional-oeste-1-realiza-encontro-de-formacao\/","title":{"rendered":"Pastoral Familiar do Regional Oeste 1 realiza Encontro de forma\u00e7\u00e3o"},"content":{"rendered":"<p style=\"text-align: justify\">Nos dias 10 e 11 de agosto, o regional Oeste 1 ( Mato Grosso do Sul) se reuniu em Encontro de Forma\u00e7\u00e3o com o assessor da Pastoral Familiar padre Wladimir Porreca. As oito dioceses que comp\u00f5e o regional estavam representadas e, os participantes puderam assistir e interagir nas confer\u00eancias proferidas pelo assessor, nas tem\u00e1ticas da Fam\u00edlia: patrim\u00f4nio da humanidade, comunh\u00e3o de pessoas, Pastoral Familiar e os seus objetivos, Orienta\u00e7\u00f5es da Comiss\u00e3o Episcopal Pastoral para a Vida e a Fam\u00edlia 2011-2015. Al\u00e9m das confer\u00eancias, os participantes se reuniram em grupo para avaliar e tra\u00e7ar novos rumos para um caminhar juntos como regional.<\/p>\n<p>  <!--more-->  <\/p>\n<p style=\"text-align: justify\">A presen\u00e7a do bispo de Corumb\u00e1 e bispo referencial da Pastoral Familiar no regional, dom Martinez, durante todo o encontro possibilitou maior integra\u00e7\u00e3o e estreitou os v\u00ednculos entre os participantes do regional, j\u00e1 que, muitas vezes, as dist\u00e2ncias s\u00e3o empecilho para os relacionamentos, ele ainda confirmou e orientou os trabalhos de evangeliza\u00e7\u00e3o da Pastoral Familiar no Oeste 1.<\/p>\n<p style=\"text-align: justify\">O arcebispo de Campo Grande, dom Dimas, deixou para os participantes uma mensagem de \u00e2nimo e entusiasmo, convocando a todos, para que em favor das fam\u00edlias, promovam uma nova evangeliza\u00e7\u00e3o, a partir das realidades de cada Diocese. O padre Marcelo, assessor regional na homilia da missa explicou aos presentes a necessidade de conhecer, defender, desenvolver e testemunhar pela f\u00e9 os valores evang\u00e9licos da Fam\u00edlia.<\/p>\n<p style=\"text-align: justify\">Os coordenadores regionais Jorge e Sueli, destacaram a import\u00e2ncia da implanta\u00e7\u00e3o da Pastoral Familiar nas par\u00f3quias. \u201cTeremos muitos desafios, entre o de motivar padres e leigos na implanta\u00e7\u00e3o da Pastoral Familiar. Explicando que\u00a0 a Pastoral familiar, mais que um grupo, \u00e9 um eixo transversal que congrega todos que acreditam, amam e trabalham pela fam\u00edlia\u201d.<\/p>\n<p style=\"text-align: justify\">\u201cO regional da Pastoral Familiar Oeste 1 agradeceu a Deus pelo encontro ter produzido um novo \u00e2nimo e ter desafiado os participantes das dioceses a propagarem e promoverem a fam\u00edlia atrav\u00e9s da Pastoral Familiar\u201d, disse padre Wladimir sobre o encontro.<\/p>\n","protected":false},"excerpt":{"rendered":"<p>Nos dias 10 e 11 de agosto, o regional Oeste 1 ( Mato Grosso do Sul) se reuniu em Encontro de Forma\u00e7\u00e3o com o assessor da Pastoral Familiar padre Wladimir Porreca. As oito dioceses que comp\u00f5e o regional estavam representadas e, os participantes puderam assistir e interagir nas confer\u00eancias proferidas pelo assessor, nas tem\u00e1ticas da &hellip;<\/p>\n<p class=\"read-more\"> <a class=\"\" href=\"https:\/\/www.cnbb.org.br\/pastoral-familiar-do-regional-oeste-1-realiza-encontro-de-formacao\/\"> <span class=\"screen-reader-text\">Pastoral Familiar do Regional Oeste 1 realiza Encontro de forma\u00e7\u00e3o<\/span> Leia mais &raquo;<\/a><\/p>\n","protected":false},"author":83,"featured_media":24495,"comment_status":"open","ping_status":"open","sticky":false,"template":"","format":"standard","meta":{"site-sidebar-layout":"default","site-content-layout":"default","ast-global-header-display":"","ast-banner-title-visibility":"","ast-main-header-display":"","ast-hfb-above-header-display":"","ast-hfb-below-header-display":"","ast-hfb-mobile-header-display":"","site-post-title":"","ast-breadcrumbs-content":"","ast-featured-img":"","footer-sml-layout":"","theme-transparent-header-meta":"","adv-header-id-meta":"","stick-header-meta":"","header-above-stick-meta":"","header-main-stick-meta":"","header-below-stick-meta":""},"categories":[788,769],"tags":[],"acf":[],"_links":{"self":[{"href":"https:\/\/www.cnbb.org.br\/cnbb-app\/wp\/v2\/posts\/24494"}],"collection":[{"href":"https:\/\/www.cnbb.org.br\/cnbb-app\/wp\/v2\/posts"}],"about":[{"href":"https:\/\/www.cnbb.org.br\/cnbb-app\/wp\/v2\/types\/post"}],"author":[{"embeddable":true,"href":"https:\/\/www.cnbb.org.br\/cnbb-app\/wp\/v2\/users\/83"}],"replies":[{"embeddable":true,"href":"https:\/\/www.cnbb.org.br\/cnbb-app\/wp\/v2\/comments?post=24494"}],"version-history":[{"count":0,"href":"https:\/\/www.cnbb.org.br\/cnbb-app\/wp\/v2\/posts\/24494\/revisions"}],"wp:featuredmedia":[{"embeddable":true,"href":"https:\/\/www.cnbb.org.br\/cnbb-app\/wp\/v2\/media\/24495"}],"wp:attachment":[{"href":"https:\/\/www.cnbb.org.br\/cnbb-app\/wp\/v2\/media?parent=24494"}],"wp:term":[{"taxonomy":"category","embeddable":true,"href":"https:\/\/www.cnbb.org.br\/cnbb-app\/wp\/v2\/categories?post=24494"},{"taxonomy":"post_tag","embeddable":true,"href":"https:\/\/www.cnbb.org.br\/cnbb-app\/wp\/v2\/tags?post=24494"}],"curies":[{"name":"wp","href":"https:\/\/api.w.org\/{rel}","templated":true}]}}