{"id":244982,"date":"2020-08-22T11:15:31","date_gmt":"2020-08-22T14:15:31","guid":{"rendered":"https:\/\/www.cnbb.org.br\/?p=244982"},"modified":"2020-09-08T13:51:22","modified_gmt":"2020-09-08T16:51:22","slug":"tu-es-o-messias-3","status":"publish","type":"post","link":"https:\/\/www.cnbb.org.br\/tu-es-o-messias-3\/","title":{"rendered":"Tu \u00e9s o Messias"},"content":{"rendered":"<p style=\"text-align: right\"><strong>Cardeal Orani Jo\u00e3o Tempesta<br \/>\n<\/strong><strong>Arcebispo do Rio de Janeiro<\/strong><\/p>\n<p style=\"text-align: justify\">\n<p style=\"text-align: justify\">Com muita gratid\u00e3o ao Senhor, seguimos o caminhar do m\u00eas vocacional pedindo ao Senhor de enviar oper\u00e1rios para a sua messe e de renovar em n\u00f3s a chama do zelo pelo servi\u00e7o, lembrando-nos que assim como o Filho do Homem n\u00e3o veio para ser servido mas para servir e dar sua vida em resgate por muitos, nossa voca\u00e7\u00e3o primordial \u00e9 a voca\u00e7\u00e3o ao servi\u00e7o do bem ao pr\u00f3ximo.<\/p>\n<p style=\"text-align: justify\">\u00a0\u00a0\u00a0\u00a0\u00a0\u00a0\u00a0\u00a0 Neste quarto domingo do m\u00eas vocacional, rezamos e recordamos de maneira especial a voca\u00e7\u00e3o dos leigos e dos minist\u00e9rios exercidos por estes no seio da comunidade. Todos n\u00f3s temos a nossa primeira voca\u00e7\u00e3o que \u00e9 o chamado \u00e0 vida. Logo ap\u00f3s esta, somos chamados \u00e0 vida da Gra\u00e7a, por meio do batismo. Essa voca\u00e7\u00e3o batismal j\u00e1 nos concede a miss\u00e3o de servidores e anunciadores do Reino. Neste dia em que recordamos as voca\u00e7\u00f5es e minist\u00e9rios leigos, recorramos exatamente esta realidade.<\/p>\n<p style=\"text-align: justify\">Al\u00e9m desse dia no m\u00eas de agosto, termos tamb\u00e9m o dia do leigo celebrado no dia de Cristo Rei, onde recordamos a miss\u00e3o do leigo no mundo. Neste domingo queremos recordar a miss\u00e3o do Leigo em seus servi\u00e7os e minist\u00e9rios dentro da Igreja, nas pastorais, movimentos, conselhos paroquiais, diocesanos, regionais e em todos os \u00e2mbitos de servi\u00e7o que marcam a presen\u00e7a viva do leigo na vida da Igreja. Vale lembrar que esta \u00e9 uma das caracter\u00edsticas da Igreja no Brasil: uma Igreja marcada pela atua\u00e7\u00e3o viva dos fi\u00e9is leigos. \u00c9 dia de rezarmos ent\u00e3o de forma especial por essa maioria dos crist\u00e3os que na a\u00e7\u00e3o singela do tempo dedicado a Deus, edificam a vida da Igreja.<\/p>\n<p style=\"text-align: justify\">A palavra de Deus que nos \u00e9 dirigida neste 21\u00ba Domingo do Tempo Comum vem exatamente nos recordar o fundamento do nosso servi\u00e7o na vida da Igreja e em meio ao mundo. O Evangelho proclamado \u00e9 o de Mt 16, 13-20, que apresenta tr\u00eas grandes momentos: a pergunta que faz Jesus aos disc\u00edpulos sobre o que dizem os homens sobre Ele, a pergunta pessoal dirigida aos disc\u00edpulos sobre quem \u00e9 Ele e a resposta dada por Pedro, proclamando Jesus como Messias e como Filho de Deus. Reconhecer que \u00e9 Jesus e aceit\u00e1-lo como Senhor \u00e9 condi\u00e7\u00e3o fundamental para se colocar a servi\u00e7o na comunidade.<\/p>\n<p style=\"text-align: justify\">Assim como nos tempos de Jesus, ao longo da hist\u00f3ria e ainda hoje s\u00e3o bem diversas as opini\u00f5es dos homens sobre quem \u00e9 Ele. \u00c9 interessante notar que existem alguns que dedicam muita energia em falar mal e provar que Jesus n\u00e3o \u00e9 o que \u00e9 vivenciado pelos crist\u00e3os. Essa insist\u00eancia em negar a pessoa de Jesus n\u00e3o pode ser vista sen\u00e3o como uma forma de proclamar a sua import\u00e2ncia e relev\u00e2ncia para os tempos, pois ante uma figura sem import\u00e2ncia n\u00e3o seriam necess\u00e1rios tantos esfor\u00e7os para desconstruir sua imagem. Essas afirma\u00e7\u00f5es contr\u00e1rias e maldosas feitas \u00e0 figura de Jesus causam dor em nossos cora\u00e7\u00f5es, mas devem nos servir para reafirmar a f\u00e9.<\/p>\n<p style=\"text-align: justify\">Jesus faz da quest\u00e3o geral que antes tinha apresentado uma quest\u00e3o pessoal: \u201cE v\u00f3s, quem dizeis que Eu sou?\u201d Assim como os disc\u00edpulos respondem a esta indaga\u00e7\u00e3o e Jesus, hoje n\u00f3s tamb\u00e9m somos chamados a responder a este questionamento, seja por meio de palavras, seja por meio da profiss\u00e3o de uma f\u00e9 que se faz vida, proclamando as maravilhas que Ele realiza no meio de n\u00f3s. Pela a\u00e7\u00e3o do Esp\u00edrito, Pedro proclama Jesus como Messias e Filho de Deus, recebendo assim a miss\u00e3o especial de Jesus de ser o guardi\u00e3o da casa de Deus, j\u00e1 que lhe s\u00e3o confiadas as chaves do Reino dos C\u00e9us. \u00c9 por isso que a figura do sucessor de Pedro, o Papa, \u00e9 t\u00e3o importante para a vida da Igreja, pois foi o pr\u00f3prio Cristo quem desejou escolher aquele que seria o administrador da sua comunidade presente neste mundo.<\/p>\n<p style=\"text-align: justify\">\u00c9 neste contexto que a primeira leitura do profeta Isa\u00edas (Is 22,19-23) fala da promessa de Deus em destituir Sobna do seu servi\u00e7o na casa de Deus, j\u00e1 que este n\u00e3o estava sendo realizado segundo o cora\u00e7\u00e3o de Deus e promete enviar um outro administrador que ter\u00e1 a chave da casa de Davi.\u00a0 Um escolhido segundo o cora\u00e7\u00e3o de Deus: \u00e9 nessa perspectiva que observamos a escolha de Pedro apresentada no Evangelho e consideramos tamb\u00e9m as escolhas que o Senhor nos dirige.<\/p>\n<p style=\"text-align: justify\">A segunda leitura, da carta aos Romanos (Rom 11, 33-36), vai nos mostrar exatamente quem \u00e9 esse Senhor que nos chama e nos envia em miss\u00e3o, mostrando o protagonismo da a\u00e7\u00e3o de Deus<em>: \u201cNa verdade, tudo \u00e9 dele, por ele, e para ele. A ele, a gl\u00f3ria para sempre. Am\u00e9m!\u201d<\/em> N\u00e3o podemos usar de nosso servi\u00e7o ao Senhor como maneira de promover-se, mas sim como rica oportunidade de mostrar o protagonismo da a\u00e7\u00e3o de Deus e da a\u00e7\u00e3o da Gra\u00e7a em nossas vidas e na vida da Igreja.<\/p>\n<p style=\"text-align: justify\">Sejamos gratos ao Senhor que nos chama e nos escolhe! O m\u00eas vocacional \u00e9 exatamente uma grande oportunidade que temos de celebrar e agradecer o chamado de Deus. Tantas s\u00e3o as manifesta\u00e7\u00f5es da a\u00e7\u00e3o do Esp\u00edrito na vida da Igreja por meio de nossos irm\u00e3os que respondem generosamente ao chamado de Deus. Mesmo que exemplos contr\u00e1rios aos do servi\u00e7o possam aparecer, que mesmo estes sirvam de incentivo para retomarmos nosso caminho de fidelidade. Confiemos ao Senhor a nossa miss\u00e3o, pedindo que Ele, o Senhor da messe, nos sustente, nos guarde e nos proteja neste caminho de viv\u00eancia do nosso chamado. Deus aben\u00e7oe e guarde a todos.<\/p>\n<p>&nbsp;    \t<\/p>\n","protected":false},"excerpt":{"rendered":"<p>Cardeal Orani Jo\u00e3o Tempesta Arcebispo do Rio de Janeiro Com muita gratid\u00e3o ao Senhor, seguimos o caminhar do m\u00eas vocacional pedindo ao Senhor de enviar oper\u00e1rios para a sua messe e de renovar em n\u00f3s a chama do zelo pelo servi\u00e7o, lembrando-nos que assim como o Filho do Homem n\u00e3o veio para ser servido mas &hellip;<\/p>\n<p class=\"read-more\"> <a class=\"\" href=\"https:\/\/www.cnbb.org.br\/tu-es-o-messias-3\/\"> <span class=\"screen-reader-text\">Tu \u00e9s o Messias<\/span> Leia mais &raquo;<\/a><\/p>\n","protected":false},"author":31,"featured_media":0,"comment_status":"closed","ping_status":"open","sticky":false,"template":"","format":"standard","meta":{"site-sidebar-layout":"default","site-content-layout":"default","ast-global-header-display":"","ast-banner-title-visibility":"","ast-main-header-display":"","ast-hfb-above-header-display":"","ast-hfb-below-header-display":"","ast-hfb-mobile-header-display":"","site-post-title":"","ast-breadcrumbs-content":"","ast-featured-img":"","footer-sml-layout":"","theme-transparent-header-meta":"","adv-header-id-meta":"","stick-header-meta":"","header-above-stick-meta":"","header-main-stick-meta":"","header-below-stick-meta":""},"categories":[758],"tags":[],"acf":[],"_links":{"self":[{"href":"https:\/\/www.cnbb.org.br\/cnbb-app\/wp\/v2\/posts\/244982"}],"collection":[{"href":"https:\/\/www.cnbb.org.br\/cnbb-app\/wp\/v2\/posts"}],"about":[{"href":"https:\/\/www.cnbb.org.br\/cnbb-app\/wp\/v2\/types\/post"}],"author":[{"embeddable":true,"href":"https:\/\/www.cnbb.org.br\/cnbb-app\/wp\/v2\/users\/31"}],"replies":[{"embeddable":true,"href":"https:\/\/www.cnbb.org.br\/cnbb-app\/wp\/v2\/comments?post=244982"}],"version-history":[{"count":0,"href":"https:\/\/www.cnbb.org.br\/cnbb-app\/wp\/v2\/posts\/244982\/revisions"}],"wp:attachment":[{"href":"https:\/\/www.cnbb.org.br\/cnbb-app\/wp\/v2\/media?parent=244982"}],"wp:term":[{"taxonomy":"category","embeddable":true,"href":"https:\/\/www.cnbb.org.br\/cnbb-app\/wp\/v2\/categories?post=244982"},{"taxonomy":"post_tag","embeddable":true,"href":"https:\/\/www.cnbb.org.br\/cnbb-app\/wp\/v2\/tags?post=244982"}],"curies":[{"name":"wp","href":"https:\/\/api.w.org\/{rel}","templated":true}]}}