{"id":244984,"date":"2020-08-22T11:17:42","date_gmt":"2020-08-22T14:17:42","guid":{"rendered":"https:\/\/www.cnbb.org.br\/?p=244984"},"modified":"2020-09-08T13:51:21","modified_gmt":"2020-09-08T16:51:21","slug":"fieis-batizados","status":"publish","type":"post","link":"https:\/\/www.cnbb.org.br\/fieis-batizados\/","title":{"rendered":"Fi\u00e9is Batizados"},"content":{"rendered":"<p style=\"text-align: right\"><strong>Cardeal Orani Jo\u00e3o Tempesta<br \/>\n<\/strong><strong>Arcebispo do Rio de Janeiro (RJ)<\/strong><\/p>\n<p style=\"text-align: justify\"><strong>\u00a0<\/strong><\/p>\n<p style=\"text-align: justify\">No pr\u00f3ximo domingo, neste m\u00eas vocacional na Igreja no Brasil, recordamos o Dia de Todos os Fi\u00e9is Batizados, escolhidos por Deus desde o nosso batismo para sermos <em>Sal na Terra e Luz no Mundo<\/em>.<\/p>\n<p style=\"text-align: justify\">Atrav\u00e9s do nosso batismo, Deus nos chama para uma miss\u00e3o. Esta miss\u00e3o consiste em construir aqui na Terra o Reino de Deus. Um reino de amor, paz e uni\u00e3o. Com o nosso o batismo, somos unidos a Cristo e passamos a pertencer a Ele, levando adiante a constru\u00e7\u00e3o desse reino.<\/p>\n<p style=\"text-align: justify\">Todos os batizados s\u00e3o chamados por Deus para serem disc\u00edpulos e mission\u00e1rios dEle, levando adiante a sua palavra, sobretudo, ao encontro dos batizados que est\u00e3o afastados da Igreja, n\u00e3o vivendo a sua f\u00e9. Aqueles que a vivem, no dia a dia, s\u00e3o chamados para ir ao encontro desses e traz\u00ea-los de volta \u00e0 Igreja.<\/p>\n<p style=\"text-align: justify\">Ao ser batizado, o catec\u00fameno ou os seus pais e padrinhos (no caso de ser crian\u00e7a), assumem o compromisso viverem a vida de f\u00e9. Os pais e padrinhos acompanham aquele que foi batizado na sua vida de f\u00e9, lhes ensinam as primeiras ora\u00e7\u00f5es do crist\u00e3o em casa, levam os seus filhos e afilhados para a Igreja, para que, aos poucos, v\u00e3o se acostumando com o ambiente da Igreja.<\/p>\n<p style=\"text-align: justify\">O batismo \u00e9 a porta de entrada da Igreja. \u00c9 o primeiro sacramento que recebemos \u2014 uma marca, a marca do Esp\u00edrito Santo. Com ele, somos enviados a assumirmos o nosso batismo para partirmos em miss\u00e3o. Esse mesmo Esp\u00edrito Santo nos ajuda a vivenciarmos a nossa f\u00e9 no dia a dia. No batismo, o sacerdote nos acolhe com o sinal da cruz, que nos acompanhar\u00e1 em toda nossa vida de f\u00e9.<\/p>\n<p style=\"text-align: justify\">O batismo \u00e9 o primeiro dos tr\u00eas sacramentos chamados de sacramentos da inicia\u00e7\u00e3o crist\u00e3 que \u00e9 composto por: Batismo, Eucaristia e Crisma. Um interligado ao outro, pois ap\u00f3s o batismo, a pessoa inicia a sua caminhada de f\u00e9 na Igreja e em casa por meio dos seus pais. E, assim, se prepara para a primeira Eucaristia, confirmando, em seguida, o seu batismo com o sacramento da Crisma.<\/p>\n<p style=\"text-align: justify\">Ap\u00f3s essa confirma\u00e7\u00e3o, o crismando \u00e9 chamado a iniciar a sua miss\u00e3o dentro da comunidade de f\u00e9, incentivando outros jovens a seguirem o mesmo caminho. No futuro, passa esse exemplo de f\u00e9 para os seus filhos e sua esposa. Uma fam\u00edlia que tem o seu fundamento na Igreja e uma vida de f\u00e9 atuante, crescer\u00e1 sempre no amor de Deus e passar\u00e1 essa viv\u00eancia da f\u00e9 para todas as gera\u00e7\u00f5es.<\/p>\n<p style=\"text-align: justify\">Todo batizado \u00e9 chamado por Deus para uma voca\u00e7\u00e3o espec\u00edfica dentro da comunidade. Pode ser o sacerd\u00f3cio, pois o sacerdote \u00e9 tirado do meio de uma comunidade e, depois, retorna para a comunidade. Outras voca\u00e7\u00f5es que Deus podem nos chamar dentro da comunidade \u2014 para fazer leitura, ser catequista, m\u00fasico, animar grupo de jovens e at\u00e9 mesmo constituir fam\u00edlia com algu\u00e9m da comunidade e levar adiante essa miss\u00e3o abra\u00e7ando a voca\u00e7\u00e3o da paternidade ou maternidade, que s\u00e3o muito queridas por Deus. Ou, at\u00e9 mesmo, fazendo parte da Pastoral Familiar da par\u00f3quia, participando com toda fam\u00edlia ativamente da Igreja.<\/p>\n<p style=\"text-align: justify\">Como batizados e batizadas, Deus nos chama para alguma voca\u00e7\u00e3o. Cabe a n\u00f3s, por meio da ora\u00e7\u00e3o, descobrirmos para qual voca\u00e7\u00e3o somos chamados. N\u00e3o podemos apenas ir \u00e0 Igreja participar da missa e n\u00e3o ajudar em nada nossa comunidade. N\u00e3o ajudar a nossa comunidade a construir o Reino de Deus. Temos que, de alguma maneira, nos encontrarmos em alguma voca\u00e7\u00e3o e sermos sinais do Reino de Deus para as pessoas.<\/p>\n<p style=\"text-align: justify\">Temos que viver a nossa f\u00e9 e, como batizados e batizadas, coloc\u00e1-la em pr\u00e1tica no dia a dia. Ir ao encontro daqueles que foram batizados e se encontram afastados da Igreja, n\u00e3o vivenciando a vida de f\u00e9. Cham\u00e1-los de volta para a Igreja, falar para eles a import\u00e2ncia dos sacramentos e comunh\u00e3o di\u00e1ria com o Senhor.<\/p>\n<p style=\"text-align: justify\">N\u00e3o podemos perder esses batizados para outras denomina\u00e7\u00f5es religiosas ou para o mundo. Devemos, isto sim, recuper\u00e1-los e traz\u00ea-los de volta ao primeiro amor, fazendo com que a Igreja Cat\u00f3lica n\u00e3o perca fi\u00e9is e continue com a sua miss\u00e3o de ser a Luz no Mundo.<\/p>\n<p style=\"text-align: justify\">Portanto, nesse pr\u00f3ximo domingo, celebremos com alegria o dia de todos os fi\u00e9is batizados, agradecendo a Deus, tantos os que assumem o seu batismo e que vivem a sua f\u00e9 no dia a dia, rezando por aqueles que se encontram perdidos longe do Senhor, para que t\u00e3o logo encontrem o caminho e possam viver a f\u00e9 no seu dia a dia.<\/p>\n<p style=\"text-align: justify\">E aqueles que ainda n\u00e3o encontraram a sua voca\u00e7\u00e3o, que possam rezar ao Senhor para que Ele fa\u00e7a sua vontade, encontrando, t\u00e3o logo, sua voca\u00e7\u00e3o. E, assim, possam, desde j\u00e1, contribuir com a constru\u00e7\u00e3o do Reino de Deus dentro da sua comunidade.<\/p>\n<p style=\"text-align: justify\">Que Deus nos aben\u00e7oe e nos guie no caminho do bem e da verdade e que sejamos sal na terra e luz do mundo para todas as pessoas que encontrarmos.<\/p>\n<p>&nbsp;<\/p>\n<p>&nbsp;<\/p>\n<p>&nbsp;<\/p>\n<p>&nbsp;<\/p>\n<p>&nbsp;    \t<\/p>\n","protected":false},"excerpt":{"rendered":"<p>Cardeal Orani Jo\u00e3o Tempesta Arcebispo do Rio de Janeiro (RJ) \u00a0 No pr\u00f3ximo domingo, neste m\u00eas vocacional na Igreja no Brasil, recordamos o Dia de Todos os Fi\u00e9is Batizados, escolhidos por Deus desde o nosso batismo para sermos Sal na Terra e Luz no Mundo. Atrav\u00e9s do nosso batismo, Deus nos chama para uma miss\u00e3o. &hellip;<\/p>\n<p class=\"read-more\"> <a class=\"\" href=\"https:\/\/www.cnbb.org.br\/fieis-batizados\/\"> <span class=\"screen-reader-text\">Fi\u00e9is Batizados<\/span> Leia mais &raquo;<\/a><\/p>\n","protected":false},"author":31,"featured_media":0,"comment_status":"closed","ping_status":"open","sticky":false,"template":"","format":"standard","meta":{"site-sidebar-layout":"default","site-content-layout":"default","ast-global-header-display":"","ast-banner-title-visibility":"","ast-main-header-display":"","ast-hfb-above-header-display":"","ast-hfb-below-header-display":"","ast-hfb-mobile-header-display":"","site-post-title":"","ast-breadcrumbs-content":"","ast-featured-img":"","footer-sml-layout":"","theme-transparent-header-meta":"","adv-header-id-meta":"","stick-header-meta":"","header-above-stick-meta":"","header-main-stick-meta":"","header-below-stick-meta":""},"categories":[758],"tags":[],"acf":[],"_links":{"self":[{"href":"https:\/\/www.cnbb.org.br\/cnbb-app\/wp\/v2\/posts\/244984"}],"collection":[{"href":"https:\/\/www.cnbb.org.br\/cnbb-app\/wp\/v2\/posts"}],"about":[{"href":"https:\/\/www.cnbb.org.br\/cnbb-app\/wp\/v2\/types\/post"}],"author":[{"embeddable":true,"href":"https:\/\/www.cnbb.org.br\/cnbb-app\/wp\/v2\/users\/31"}],"replies":[{"embeddable":true,"href":"https:\/\/www.cnbb.org.br\/cnbb-app\/wp\/v2\/comments?post=244984"}],"version-history":[{"count":0,"href":"https:\/\/www.cnbb.org.br\/cnbb-app\/wp\/v2\/posts\/244984\/revisions"}],"wp:attachment":[{"href":"https:\/\/www.cnbb.org.br\/cnbb-app\/wp\/v2\/media?parent=244984"}],"wp:term":[{"taxonomy":"category","embeddable":true,"href":"https:\/\/www.cnbb.org.br\/cnbb-app\/wp\/v2\/categories?post=244984"},{"taxonomy":"post_tag","embeddable":true,"href":"https:\/\/www.cnbb.org.br\/cnbb-app\/wp\/v2\/tags?post=244984"}],"curies":[{"name":"wp","href":"https:\/\/api.w.org\/{rel}","templated":true}]}}