{"id":244991,"date":"2020-08-22T11:24:53","date_gmt":"2020-08-22T14:24:53","guid":{"rendered":"https:\/\/www.cnbb.org.br\/?p=244991"},"modified":"2020-09-08T13:51:20","modified_gmt":"2020-09-08T16:51:20","slug":"quem-e-jesus-2","status":"publish","type":"post","link":"https:\/\/www.cnbb.org.br\/quem-e-jesus-2\/","title":{"rendered":"Quem \u00e9 Jesus?"},"content":{"rendered":"<p style=\"text-align: right\"><strong>Cardeal Orani Jo\u00e3o Tempesta<br \/>\n<\/strong><strong>Arcebispo do Rio de Janeiro (RJ)<\/strong><\/p>\n<p style=\"text-align: justify\"><strong>\u00a0<\/strong><\/p>\n<p style=\"text-align: justify\">Celebramos neste final de semana o XXI Domingo do Tempo Comum e, na medida em que a liturgia caminha, Nosso Senhor Jesus Cristo vai revelando a sua identidade e o prop\u00f3sito com qual Deus quis revel\u00e1-lo.\u00a0 Neste domingo no Evangelho segundo Mateus 16,13-20, Ele pergunta aos disc\u00edpulos quem os homens dizem ser Ele. Ele queria ouvir dos disc\u00edpulos o testemunho de sua f\u00e9.<\/p>\n<p style=\"text-align: justify\">Jesus com certeza esperava ouvir dos disc\u00edpulos aquilo que Pedro disse: \u201cTu es o Filho de Deus\u201d (cf. Mt 16,16) e n\u00e3o aquilo que a sociedade dizia a respeito Dele. E, a partir disso, uma pergunta surge em nosso cora\u00e7\u00e3o: Quem \u00e9 Jesus para n\u00f3s? Assim como Ele perguntou aos disc\u00edpulos que diariamente estava com eles quem era Ele para eles, Ele pergunta a cada um de n\u00f3s hoje: quem \u00e9 Ele para n\u00f3s?<\/p>\n<p style=\"text-align: justify\">Como n\u00f3s daremos essa resposta a Jesus? Por interm\u00e9dio da ora\u00e7\u00e3o, dos joelhos que se dobram diante do seu mist\u00e9rio de amor para conosco, teremos a intimidade com Jesus e poderemos, na verdade, dar nossa resposta a Ele. Isso Ele esperava dos disc\u00edpulos que diariamente conviviam com Ele, tinham intimidade com Ele, rezavam com Ele e n\u00e3o precisavam repetir aquilo que a sociedade dizia, mas dizer com clareza aquilo que Pedro proclamou.<\/p>\n<p style=\"text-align: justify\">Isso \u00e9 o que Ele espera de n\u00f3s que, por meio da nossa experiencia de f\u00e9 e de nossa intimidade com Ele possamos dar nossa resposta concreta e objetiva a Ele, respondendo em nosso cora\u00e7\u00e3o que Ele \u00e9 o Filho de Deus que devia vir ao mundo, Ele \u00e9 o nosso Salvador e em toda Santa Missa se d\u00e1 em alimento a n\u00f3s.<\/p>\n<p style=\"text-align: justify\">A partir dessa revela\u00e7\u00e3o de Jesus como o Filho de Deus Ele diz a Pedro que n\u00e3o foi um ser humano que lhe revelou aquilo, mas o pr\u00f3prio Deus. De fato, essa revela\u00e7\u00e3o n\u00e3o poderia partir de um homem, mas sim de Deus.<\/p>\n<p style=\"text-align: justify\">Depois disso Jesus proclama Pedro como o primeiro servidor da Igreja. Jesus diz a Pedro que, a partir daquele momento, teria a chave do Reino dos c\u00e9us e que o poder do inferno n\u00e3o prevaleceria sobre a Igreja. Pois a partir daquele momento o at\u00e9 ent\u00e3o Sim\u00e3o se tornaria Cefas, ou seja, Pedra e sobre esta pedra ele edificaria a sua Igreja.<\/p>\n<p style=\"text-align: justify\">Pedro se tornaria a partir desse momento o primeiro Papa da Igreja, se tornaria o l\u00edder do Cristianismo. Ap\u00f3s a morte e a ressurrei\u00e7\u00e3o de Jesus ele, juntamente com Tiago e Jo\u00e3o, lidera o grupo dos ap\u00f3stolos como podemos ler nos Atos dos Ap\u00f3stolos.<\/p>\n<p style=\"text-align: justify\">Portanto todo Papa que assume o posto de primeiro servidor da Igreja Cat\u00f3lica \u00e9 sucessor de Pedro que foi o primeiro Papa da Igreja. E a tradi\u00e7\u00e3o do Papa escolher um nome para o exerc\u00edcio do seu Pontificado sem ser o nome de Batismo, vem da origem de Pedro que se chamava Sim\u00e3o e Jesus diz que a partir daquele momento ele se chamaria Pedro.<\/p>\n<p style=\"text-align: justify\">Neste Evangelho \u00e9 narrado a origem da Igreja e nos \u00e9 dada a certeza de que ela iniciou h\u00e1 mais de dois mil anos, institu\u00edda pelo pr\u00f3prio Jesus, que deu a miss\u00e3o de governar a Igreja a Pedro. N\u00f3s somos continuadores dessa Igreja iniciada com Jesus e os Ap\u00f3stolos e, como nos diz o pr\u00f3prio Jesus, n\u00e3o podemos deixar que o poder do inferno prevale\u00e7a sobre ela.<\/p>\n<p style=\"text-align: justify\">Na primeira leitura de hoje (cf. Is 22,19-23) observamos como Deus destitui os ricos e eleva os humildes e que ele escolhe aqueles que levar\u00e3o a sua mensagem ao mundo. Assim como no Evangelho Jesus escolhe Pedro para levar adiante a sua mensagem e governar a sua Igreja, na primeira leitura Deus escolhe Eliaquim, filho de Helcias, para levar a sua mensagem adiante e concretizar a constru\u00e7\u00e3o do Reino de Deus.<\/p>\n<p style=\"text-align: justify\">Nesse contexto observamos que Deus pode escolher a cada um de n\u00f3s para levar a sua mensagem adiante, que n\u00e3o precisamos ser ricos, mas sermos humildes e estarmos de cora\u00e7\u00e3o aberto para a miss\u00e3o. Deus escolheu os mais pobres de seu reino para levar adiante a sua Palavra de Salva\u00e7\u00e3o.<\/p>\n<p style=\"text-align: justify\">Por fim na segunda leitura deste Domingo (cf. Rm 11,33-36) vemos que toda a gl\u00f3ria \u00e9 para o Senhor. Tudo \u00e9 Dele hoje e para sempre. E aqueles que governam a Igreja devem fazer tudo para Ele e n\u00e3o por motivo de um benef\u00edcio pr\u00f3prio.<\/p>\n<p style=\"text-align: justify\">Portanto, meus irm\u00e3os tenhamos essa certeza em nosso cora\u00e7\u00e3o que Jesus \u00e9 o Filho de Deus que devia vir ao mundo. E que a Igreja Cat\u00f3lica nasceu h\u00e1 mais de dois mil anos atr\u00e1s e que as portas do inferno nunca prevalecer\u00e3o sobre Ela. E se temos ainda alguma d\u00favida dobremos os joelhos diante do Sant\u00edssimo Sacramento, criemos uma identidade com Ele para que essa seja uma resposta de f\u00e9 e seja mais f\u00e1cil de professarmos.<\/p>\n<p>&nbsp;    \t<\/p>\n","protected":false},"excerpt":{"rendered":"<p>Cardeal Orani Jo\u00e3o Tempesta Arcebispo do Rio de Janeiro (RJ) \u00a0 Celebramos neste final de semana o XXI Domingo do Tempo Comum e, na medida em que a liturgia caminha, Nosso Senhor Jesus Cristo vai revelando a sua identidade e o prop\u00f3sito com qual Deus quis revel\u00e1-lo.\u00a0 Neste domingo no Evangelho segundo Mateus 16,13-20, Ele &hellip;<\/p>\n<p class=\"read-more\"> <a class=\"\" href=\"https:\/\/www.cnbb.org.br\/quem-e-jesus-2\/\"> <span class=\"screen-reader-text\">Quem \u00e9 Jesus?<\/span> Leia mais &raquo;<\/a><\/p>\n","protected":false},"author":31,"featured_media":0,"comment_status":"closed","ping_status":"open","sticky":false,"template":"","format":"standard","meta":{"site-sidebar-layout":"default","site-content-layout":"default","ast-global-header-display":"","ast-banner-title-visibility":"","ast-main-header-display":"","ast-hfb-above-header-display":"","ast-hfb-below-header-display":"","ast-hfb-mobile-header-display":"","site-post-title":"","ast-breadcrumbs-content":"","ast-featured-img":"","footer-sml-layout":"","theme-transparent-header-meta":"","adv-header-id-meta":"","stick-header-meta":"","header-above-stick-meta":"","header-main-stick-meta":"","header-below-stick-meta":""},"categories":[758],"tags":[],"acf":[],"_links":{"self":[{"href":"https:\/\/www.cnbb.org.br\/cnbb-app\/wp\/v2\/posts\/244991"}],"collection":[{"href":"https:\/\/www.cnbb.org.br\/cnbb-app\/wp\/v2\/posts"}],"about":[{"href":"https:\/\/www.cnbb.org.br\/cnbb-app\/wp\/v2\/types\/post"}],"author":[{"embeddable":true,"href":"https:\/\/www.cnbb.org.br\/cnbb-app\/wp\/v2\/users\/31"}],"replies":[{"embeddable":true,"href":"https:\/\/www.cnbb.org.br\/cnbb-app\/wp\/v2\/comments?post=244991"}],"version-history":[{"count":0,"href":"https:\/\/www.cnbb.org.br\/cnbb-app\/wp\/v2\/posts\/244991\/revisions"}],"wp:attachment":[{"href":"https:\/\/www.cnbb.org.br\/cnbb-app\/wp\/v2\/media?parent=244991"}],"wp:term":[{"taxonomy":"category","embeddable":true,"href":"https:\/\/www.cnbb.org.br\/cnbb-app\/wp\/v2\/categories?post=244991"},{"taxonomy":"post_tag","embeddable":true,"href":"https:\/\/www.cnbb.org.br\/cnbb-app\/wp\/v2\/tags?post=244991"}],"curies":[{"name":"wp","href":"https:\/\/api.w.org\/{rel}","templated":true}]}}