{"id":244998,"date":"2020-08-22T11:27:47","date_gmt":"2020-08-22T14:27:47","guid":{"rendered":"https:\/\/www.cnbb.org.br\/?p=244998"},"modified":"2020-09-08T13:51:20","modified_gmt":"2020-09-08T16:51:20","slug":"ministerios-leigos","status":"publish","type":"post","link":"https:\/\/www.cnbb.org.br\/ministerios-leigos\/","title":{"rendered":"Minist\u00e9rios leigos"},"content":{"rendered":"<p style=\"text-align: right\"><strong>Cardeal Orani Jo\u00e3o Tempesta<br \/>\n<\/strong><strong>Arcebispo do Rio de Janeiro (RJ)<\/strong><\/p>\n<p style=\"text-align: justify\">No quarto domingo de agosto, celebramos a voca\u00e7\u00e3o dos leigos e leigas: minist\u00e9rios e servi\u00e7os na comunidade. A Igreja insiste no protagonismo dos leigos, seja nos \u00e2mbitos da f\u00e9 e da comunidade eclesial, mas preferencialmente na esfera do mundo. O leigo crist\u00e3o tem a miss\u00e3o de ser o fermento de transforma\u00e7\u00e3o profunda das realidades temporais, vivendo na comunh\u00e3o da Igreja. No \u00faltimo domingo do ano lit\u00fargico, domingo de Cristo Rei, quando se comemora o Dia do Leigo ser\u00e1 contemplada melhor essa miss\u00e3o do leigo no mundo.<\/p>\n<p style=\"text-align: justify\">Os Leigos s\u00e3o crist\u00e3os que t\u00eam uma miss\u00e3o especial na Igreja e na sociedade. Pelo batismo, receberam essa voca\u00e7\u00e3o que devem viv\u00ea-la intensamente a servi\u00e7o do Reino de Deus. Na Igreja existem as diversas voca\u00e7\u00f5es: a sacerdotal, a diaconal, a religiosa e a leiga como temos celebrando neste m\u00eas vocacional. Todas s\u00e3o muito importantes e necess\u00e1rias, pois brotam do Batismo, fonte de todas as voca\u00e7\u00f5es.<\/p>\n<p style=\"text-align: justify\">Dentro da comunidade eclesial, os leigos s\u00e3o chamados a desempenhar diversas tarefas: catequista (cujo dia ser\u00e1 comemorado no \u00faltimo domingo deste m\u00eas), ministro Extraordin\u00e1rio da Comunh\u00e3o Eucar\u00edstica, ministro da consola\u00e7\u00e3o e da esperan\u00e7a, agente e coordenadores das diferentes pastorais, servi\u00e7o aos pobres e aos doentes, novas comunidades, e tantos outros. S\u00e3o chamados tamb\u00e9m a colaborar no governo paroquial e diocesano, participando de conselhos pastorais e econ\u00f4micos. N\u00e3o como simples colaboradores do bispo e dos padres, mas como membros ativos da comunidade, assumindo minist\u00e9rios e servi\u00e7os para o engrandecimento da Igreja de Cristo.<\/p>\n<p style=\"text-align: justify\">Que Deus continue aben\u00e7oando todos os nossos leigos e leigas e os anime na transmiss\u00e3o e no testemunho da f\u00e9 em um mundo que precisa se reinventar no retorno do \u201cnovo normal\u201d da vida humana! Que este novo normal seja melhor que o anterior onde a justi\u00e7a e paz reine na vida e nos cora\u00e7\u00f5es.<\/p>\n<p>&nbsp;<\/p>\n<p>&nbsp;<\/p>\n<p>&nbsp;<\/p>\n<p>&nbsp;<\/p>\n<p>&nbsp;<\/p>\n<p>&nbsp;    \t<\/p>\n","protected":false},"excerpt":{"rendered":"<p>Cardeal Orani Jo\u00e3o Tempesta Arcebispo do Rio de Janeiro (RJ) No quarto domingo de agosto, celebramos a voca\u00e7\u00e3o dos leigos e leigas: minist\u00e9rios e servi\u00e7os na comunidade. A Igreja insiste no protagonismo dos leigos, seja nos \u00e2mbitos da f\u00e9 e da comunidade eclesial, mas preferencialmente na esfera do mundo. O leigo crist\u00e3o tem a miss\u00e3o &hellip;<\/p>\n<p class=\"read-more\"> <a class=\"\" href=\"https:\/\/www.cnbb.org.br\/ministerios-leigos\/\"> <span class=\"screen-reader-text\">Minist\u00e9rios leigos<\/span> Leia mais &raquo;<\/a><\/p>\n","protected":false},"author":31,"featured_media":0,"comment_status":"closed","ping_status":"open","sticky":false,"template":"","format":"standard","meta":{"site-sidebar-layout":"default","site-content-layout":"default","ast-global-header-display":"","ast-banner-title-visibility":"","ast-main-header-display":"","ast-hfb-above-header-display":"","ast-hfb-below-header-display":"","ast-hfb-mobile-header-display":"","site-post-title":"","ast-breadcrumbs-content":"","ast-featured-img":"","footer-sml-layout":"","theme-transparent-header-meta":"","adv-header-id-meta":"","stick-header-meta":"","header-above-stick-meta":"","header-main-stick-meta":"","header-below-stick-meta":""},"categories":[758],"tags":[],"acf":[],"_links":{"self":[{"href":"https:\/\/www.cnbb.org.br\/cnbb-app\/wp\/v2\/posts\/244998"}],"collection":[{"href":"https:\/\/www.cnbb.org.br\/cnbb-app\/wp\/v2\/posts"}],"about":[{"href":"https:\/\/www.cnbb.org.br\/cnbb-app\/wp\/v2\/types\/post"}],"author":[{"embeddable":true,"href":"https:\/\/www.cnbb.org.br\/cnbb-app\/wp\/v2\/users\/31"}],"replies":[{"embeddable":true,"href":"https:\/\/www.cnbb.org.br\/cnbb-app\/wp\/v2\/comments?post=244998"}],"version-history":[{"count":0,"href":"https:\/\/www.cnbb.org.br\/cnbb-app\/wp\/v2\/posts\/244998\/revisions"}],"wp:attachment":[{"href":"https:\/\/www.cnbb.org.br\/cnbb-app\/wp\/v2\/media?parent=244998"}],"wp:term":[{"taxonomy":"category","embeddable":true,"href":"https:\/\/www.cnbb.org.br\/cnbb-app\/wp\/v2\/categories?post=244998"},{"taxonomy":"post_tag","embeddable":true,"href":"https:\/\/www.cnbb.org.br\/cnbb-app\/wp\/v2\/tags?post=244998"}],"curies":[{"name":"wp","href":"https:\/\/api.w.org\/{rel}","templated":true}]}}