{"id":24504,"date":"2013-07-12T00:00:00","date_gmt":"2013-07-12T03:00:00","guid":{"rendered":"https:\/\/www.cnbb.org.br\/regionais-sul-da-cnbb-realizam-viii-sulao\/"},"modified":"2013-07-12T00:00:00","modified_gmt":"2013-07-12T03:00:00","slug":"regionais-sul-da-cnbb-realizam-viii-sulao","status":"publish","type":"post","link":"https:\/\/www.cnbb.org.br\/regionais-sul-da-cnbb-realizam-viii-sulao\/","title":{"rendered":"Regionais Sul da CNBB realizam VIII Sul\u00e3o"},"content":{"rendered":"<p style=\"text-align: justify\">Atendendo ao apelo da Igreja no Brasil, os regionais da Confer\u00eancia Nacional dos Bispos do Brasil (CNBB), Sul 1, Sul 2, Sul 3, Sul 4 e Oeste 1, realizar\u00e3o o VIII Sul\u00e3o de Catequese. O evento ser\u00e1 realizado de 25 a 27 de outubro, na cidade de S\u00e3o Leopoldo, no Rio Grande do Sul (RS), e tamb\u00e9m comemorar\u00e1 aos 25 anos de Sul\u00e3o.<\/p>\n<p><!--more--><\/p>\n<p style=\"text-align: justify\">O objetivo do evento \u00e9 resgatar e celebrar a hist\u00f3ria dos 25 anos do Sul\u00e3o para reanimar a esperan\u00e7a na caminhada b\u00edblico-catequ\u00e9tica e destacar vias e modelos que inspirem o protagonismo de catequistas disc\u00edpulos mission\u00e1rios para os novos tempos.<\/p>\n<p style=\"text-align: justify\">O tema geral escolhido para o evento \u00e9: \u201cCatequista, protagonista da F\u00e9, do amor e da esperan\u00e7a\u201d, que sintetiza a voca\u00e7\u00e3o pr\u00f3pria dos anunciadores da Palavra. Na oportunidade, haver\u00e1 reflex\u00f5es sobre a catequese e os catequistas que se reconhecem construtores de comunidades e comprometidos com uma nova evangeliza\u00e7\u00e3o para a transmiss\u00e3o da f\u00e9 crist\u00e3.<\/p>\n<p style=\"text-align: justify\">De acordo com presidente da Comiss\u00e3o Episcopal Pastoral para Anima\u00e7\u00e3o B\u00edblico-Catequ\u00e9tica, e arcebispo de Pelotas (RS), dom Jacinto Bergmann, o Sul\u00e3o \u00e9 uma oportunidade para dar novo vigoe aos catequistas. \u201c\u00c0 luz da Palavra de Deus, renovamos nossa esperan\u00e7a na fidelidade dos catequistas que acompanham seus catequizandos no processo de inicia\u00e7\u00e3o \u00e0 vida crist\u00e3, apresentando-os a Jesus, que os despertam para o seguimento\u201d.<\/p>\n<p style=\"text-align: justify\">O cartaz do evento tem um amplo significado. As tochas unidas, formam, juntas, uma \u00fanica chama. E fazem recordar as palavras de Jesus: \u201cEu sou a luz do mundo; quem me segue n\u00e3o anda nas trevas\u201d (Jo 8,12). Com essa afirma\u00e7\u00e3o de Jesus, os catequistas s\u00e3o convocados a iluminar o mundo, expressando os valores do evangelho: partilha, justi\u00e7a e paz.<\/p>\n<p style=\"text-align: justify\">O \u00faltimo Sul\u00e3o, cujo tema foi &#8220;Encontramos o Senhor, Vem e v\u00ea! (Jo 1,41b 46c), foi realizado em S\u00e3o Jos\u00e9 do Rio Preto, SP, nos dias 19 a 21 de agosto de 2011, com a participa\u00e7\u00e3o dos catequistas dos cinco regionais (Oeste 1- Mato Grosso do Sul, Sul 1- S\u00e3o Paulo, Sul 2- Paran\u00e1, Sul 3- Rio Grande do Sul, Sul 4- Santa Catarina).<\/p>\n","protected":false},"excerpt":{"rendered":"<p>Atendendo ao apelo da Igreja no Brasil, os regionais da Confer\u00eancia Nacional dos Bispos do Brasil (CNBB), Sul 1, Sul 2, Sul 3, Sul 4 e Oeste 1, realizar\u00e3o o VIII Sul\u00e3o de Catequese. O evento ser\u00e1 realizado de 25 a 27 de outubro, na cidade de S\u00e3o Leopoldo, no Rio Grande do Sul (RS), &hellip;<\/p>\n<p class=\"read-more\"> <a class=\"\" href=\"https:\/\/www.cnbb.org.br\/regionais-sul-da-cnbb-realizam-viii-sulao\/\"> <span class=\"screen-reader-text\">Regionais Sul da CNBB realizam VIII Sul\u00e3o<\/span> Leia mais &raquo;<\/a><\/p>\n","protected":false},"author":83,"featured_media":24505,"comment_status":"open","ping_status":"open","sticky":false,"template":"","format":"standard","meta":{"site-sidebar-layout":"default","site-content-layout":"default","ast-global-header-display":"","ast-banner-title-visibility":"","ast-main-header-display":"","ast-hfb-above-header-display":"","ast-hfb-below-header-display":"","ast-hfb-mobile-header-display":"","site-post-title":"","ast-breadcrumbs-content":"","ast-featured-img":"","footer-sml-layout":"","theme-transparent-header-meta":"","adv-header-id-meta":"","stick-header-meta":"","header-above-stick-meta":"","header-main-stick-meta":"","header-below-stick-meta":""},"categories":[748,807],"tags":[],"acf":[],"_links":{"self":[{"href":"https:\/\/www.cnbb.org.br\/cnbb-app\/wp\/v2\/posts\/24504"}],"collection":[{"href":"https:\/\/www.cnbb.org.br\/cnbb-app\/wp\/v2\/posts"}],"about":[{"href":"https:\/\/www.cnbb.org.br\/cnbb-app\/wp\/v2\/types\/post"}],"author":[{"embeddable":true,"href":"https:\/\/www.cnbb.org.br\/cnbb-app\/wp\/v2\/users\/83"}],"replies":[{"embeddable":true,"href":"https:\/\/www.cnbb.org.br\/cnbb-app\/wp\/v2\/comments?post=24504"}],"version-history":[{"count":0,"href":"https:\/\/www.cnbb.org.br\/cnbb-app\/wp\/v2\/posts\/24504\/revisions"}],"wp:featuredmedia":[{"embeddable":true,"href":"https:\/\/www.cnbb.org.br\/cnbb-app\/wp\/v2\/media\/24505"}],"wp:attachment":[{"href":"https:\/\/www.cnbb.org.br\/cnbb-app\/wp\/v2\/media?parent=24504"}],"wp:term":[{"taxonomy":"category","embeddable":true,"href":"https:\/\/www.cnbb.org.br\/cnbb-app\/wp\/v2\/categories?post=24504"},{"taxonomy":"post_tag","embeddable":true,"href":"https:\/\/www.cnbb.org.br\/cnbb-app\/wp\/v2\/tags?post=24504"}],"curies":[{"name":"wp","href":"https:\/\/api.w.org\/{rel}","templated":true}]}}