{"id":245086,"date":"2020-08-25T12:27:07","date_gmt":"2020-08-25T15:27:07","guid":{"rendered":"https:\/\/www.cnbb.org.br\/?p=245086"},"modified":"2020-08-25T12:27:07","modified_gmt":"2020-08-25T15:27:07","slug":"3a-jornadas-de-teologia-pastoral-sera-sobre-o-cuidado-com-os-ministros-cristaos","status":"publish","type":"post","link":"https:\/\/www.cnbb.org.br\/3a-jornadas-de-teologia-pastoral-sera-sobre-o-cuidado-com-os-ministros-cristaos\/","title":{"rendered":"3\u00aa Jornadas de Teologia Pastoral ser\u00e1 sobre o cuidado com os ministros crist\u00e3os"},"content":{"rendered":"<p style=\"text-align: justify\">O impacto da Covid-19 na vida e na miss\u00e3o dos ministros crist\u00e3os ser\u00e1 a tem\u00e1tica da terceira livre das Jornadas de Teologia Pastoral promovida pela Confer\u00eancia Nacional dos Bispos do Brasil (CNBB) e Pontif\u00edcia Universidade Cat\u00f3lica do Rio (PUC-RIO), que acontecer\u00e1 na pr\u00f3xima sexta-feira, dia 28 de agosto. Os painelistas ser\u00e3o o doutor e padre Douglas Alves Pontes, que discorrer\u00e1 sobre \u201cForma\u00e7\u00e3o sacerdotal em tempos de pandemia\u201d; doutor e pastor Rainerson Israel Estevam, que ter\u00e1 como tema \u201cCuidar dos que cuidam: uma an\u00e1lise pessoal, s\u00f3cio-familiar e pastoral dos pastores batistas do estado do Rio de Janeiro\u201d; e a doutora Luciana Campos, que far\u00e1 uma s\u00edntese das duas primeiras apresenta\u00e7\u00f5es com o painel: \u201cImpactos da quarentena sobre ministros crist\u00e3os\u201d.<\/p>\n<p style=\"text-align: justify\">\u201cAs consequ\u00eancias do confinamento resultante da Pandemia de Covid-19 v\u00eam afetando aspectos pr\u00e1ticos do cotidiano e tamb\u00e9m aspectos subjetivos, impactando sujeitos em sua sa\u00fade f\u00edsica e tamb\u00e9m mental. No \u00e2mbito religioso n\u00e3o se deu de maneira diversa. As casas de ora\u00e7\u00e3o, templos, igrejas, e demais institui\u00e7\u00f5es religiosas, precisaram se reorganizar para oferecer seus servi\u00e7os de modo remoto. Isso vem afetando presb\u00edteros e membros e por esta raz\u00e3o as reflex\u00f5es que faremos nesta edi\u00e7\u00e3o do evento s\u00e3o t\u00e3o preciosas para os fi\u00e9is em geral.\u201d, explicou Luciana.<\/p>\n<p style=\"text-align: justify\">O evento \u00e9 gratuito e ser\u00e1 transmitido, ao vivo, pelas redes sociais da CNBB e do Departamento de Teologia da PUC-Rio: @cnbbnacional e @teologiapucrio. Para quem deseja receber certificado de participa\u00e7\u00e3o, recomenda-se a inscri\u00e7\u00e3o pr\u00e9via. O certificado ser\u00e1 enviado para e-mail informado no formul\u00e1rio digital. Para se inscrever, acesse: <\/p>\n<p style=\"text-align: justify\">Os encontros das \u201cJornadas de Teologia Pastoral CNBB\/PUC-Rio\u201d tiveram in\u00edcio no m\u00eas de junho, e acontecer\u00e3o at\u00e9 o m\u00eas de dezembro, com uma Live a cada m\u00eas. Especialistas e pesquisadores est\u00e3o abordando temas que permitir\u00e3o um olhar cr\u00edtico, mas positivo, sobre o atual contexto social e eclesial. Desafios \u00e0 vida e \u00e0 viv\u00eancia crist\u00e3, impactos eclesiol\u00f3gicos, experi\u00eancia sacramental-lit\u00fargica, espiritualidades, pr\u00e1ticas pastorais, f\u00e9 e cultura digital, anima\u00e7\u00e3o b\u00edblica da pastoral, catequese, dor e sofrimento, ser\u00e3o alguns dos temas apresentados ao longo das Jornadas, que ir\u00e3o acontecer, em cada \u00faltima sexta-feira do m\u00eas, a partir das 15h.<\/p>\n<p style=\"text-align: justify\"><strong><u>SERVI\u00c7O<\/u><\/strong><\/p>\n<p style=\"text-align: justify\"><strong>Jornadas de Teologia Pastoral CNBB\/PUC-Rio- Live 3<\/strong><\/p>\n<p style=\"text-align: justify\">Evento Gratuito<\/p>\n<p style=\"text-align: justify\"><strong>Local<\/strong><\/p>\n<p style=\"text-align: justify\">Redes sociais da CNBB e do Departamento de Teologia da PUC-Rio<\/p>\n<p style=\"text-align: justify\">@cnbbnacional<\/p>\n<p style=\"text-align: justify\">@teologiapucrio<\/p>\n<p style=\"text-align: justify\"><strong>Programa\u00e7\u00e3o<\/strong><\/p>\n<p style=\"text-align: justify\">O 3\u00ba Painel ser\u00e1 no dia 31 de julho, \u00e0s 15h<\/p>\n<p style=\"text-align: justify\">Painelistas: Padre Eduardo Calandro, doutor em Teologia e professor da PUC-Rio, com o tema \u201cIsolamento e sa\u00fade mental: desafio pastoral durante e ap\u00f3s a COVID-19\u201d; e Fernando Zambam, Assessor Nacional da C\u00e1ritas Brasileira, com o tema \u201cOs impactos s\u00f3cio-econ\u00f4micos da pandemia nas popula\u00e7\u00f5es empobrecidas.\u201d<\/p>\n<p style=\"text-align: justify\"><strong>Inscri\u00e7\u00f5es<\/strong><\/p>\n<p style=\"text-align: justify\">Recomenda-se inscri\u00e7\u00e3o para os que quiserem receber certificado de participa\u00e7\u00e3o.<\/p>\n<p style=\"text-align: justify\">Link: <\/p>\n<p style=\"text-align: justify\"><strong>P\u00fablico-alvo<\/strong><\/p>\n<p style=\"text-align: justify\">Pesquisadores de Teologia, Ci\u00eancias da Religi\u00e3o, demais \u00e1reas correlatas, pastoralistas e agentes de pastoral que se interessem sobre a tem\u00e1tica.<\/p>\n<p>&nbsp;    \t<\/p>\n","protected":false},"excerpt":{"rendered":"<p>O impacto da Covid-19 na vida e miss\u00e3o dos ministros crist\u00e3os ser\u00e1 a tem\u00e1tica da terceira Jornadas que acontecer\u00e1 na pr\u00f3xima sexta, 28 de agosto<\/p>\n","protected":false},"author":83,"featured_media":245102,"comment_status":"closed","ping_status":"open","sticky":false,"template":"","format":"standard","meta":{"site-sidebar-layout":"default","site-content-layout":"default","ast-global-header-display":"","ast-banner-title-visibility":"","ast-main-header-display":"","ast-hfb-above-header-display":"","ast-hfb-below-header-display":"","ast-hfb-mobile-header-display":"","site-post-title":"","ast-breadcrumbs-content":"","ast-featured-img":"","footer-sml-layout":"","theme-transparent-header-meta":"","adv-header-id-meta":"","stick-header-meta":"","header-above-stick-meta":"","header-main-stick-meta":"","header-below-stick-meta":""},"categories":[1851],"tags":[1850,1855,2078,2765,2079],"acf":[],"_links":{"self":[{"href":"https:\/\/www.cnbb.org.br\/cnbb-app\/wp\/v2\/posts\/245086"}],"collection":[{"href":"https:\/\/www.cnbb.org.br\/cnbb-app\/wp\/v2\/posts"}],"about":[{"href":"https:\/\/www.cnbb.org.br\/cnbb-app\/wp\/v2\/types\/post"}],"author":[{"embeddable":true,"href":"https:\/\/www.cnbb.org.br\/cnbb-app\/wp\/v2\/users\/83"}],"replies":[{"embeddable":true,"href":"https:\/\/www.cnbb.org.br\/cnbb-app\/wp\/v2\/comments?post=245086"}],"version-history":[{"count":0,"href":"https:\/\/www.cnbb.org.br\/cnbb-app\/wp\/v2\/posts\/245086\/revisions"}],"wp:featuredmedia":[{"embeddable":true,"href":"https:\/\/www.cnbb.org.br\/cnbb-app\/wp\/v2\/media\/245102"}],"wp:attachment":[{"href":"https:\/\/www.cnbb.org.br\/cnbb-app\/wp\/v2\/media?parent=245086"}],"wp:term":[{"taxonomy":"category","embeddable":true,"href":"https:\/\/www.cnbb.org.br\/cnbb-app\/wp\/v2\/categories?post=245086"},{"taxonomy":"post_tag","embeddable":true,"href":"https:\/\/www.cnbb.org.br\/cnbb-app\/wp\/v2\/tags?post=245086"}],"curies":[{"name":"wp","href":"https:\/\/api.w.org\/{rel}","templated":true}]}}