{"id":24512,"date":"2014-04-15T00:00:00","date_gmt":"2014-04-15T03:00:00","guid":{"rendered":"https:\/\/www.cnbb.org.br\/diocese-de-coxim-promove-encontro-de-fe-e-politica-em-paraiso-das-aguas-ms\/"},"modified":"2014-04-15T00:00:00","modified_gmt":"2014-04-15T03:00:00","slug":"diocese-de-coxim-promove-encontro-de-fe-e-politica-em-paraiso-das-aguas-ms","status":"publish","type":"post","link":"https:\/\/www.cnbb.org.br\/diocese-de-coxim-promove-encontro-de-fe-e-politica-em-paraiso-das-aguas-ms\/","title":{"rendered":"Diocese de Coxim promove encontro de F\u00e9 e Pol\u00edtica em Para\u00edso das \u00c1guas (MS)"},"content":{"rendered":"<p style=\"text-align: justify\">A diocese de Coxim (MS) realizar\u00e1, no dia 31 de maio, o 13\u00ba Encontro Diocesano de F\u00e9 e Pol\u00edtica. O tema abordado ser\u00e1 \u201cConstruindo a cidadania frente aos desafios crist\u00e3os\u201d. O evento acontecer\u00e1 na par\u00f3quia S\u00e3o Jo\u00e3o Maria Vianney, no munic\u00edpio de Para\u00edso das \u00c1guas (MS).<\/p>\n<p><!--more--><\/p>\n<p style=\"text-align: justify\"><span style=\"line-height: 1.3em\">De acordo com o bispo de Coxim (MS), dom Antonino Migliore, o encontro busca aprofundar o relacionamento entre a Igreja e os pol\u00edticos locais. A proposta \u00e9 refletir sobre o que a sociedade espera da Igreja, a respeito da fam\u00edlia, das quest\u00f5es sociais e de outros assuntos e o que a Igreja espera dos pol\u00edticos. Dom Antonino espera que seja um di\u00e1logo construtivo para o bem da regi\u00e3o.<\/span><\/p>\n<p style=\"text-align: justify\">Para o bispo, h\u00e1 muito o que melhorar na quest\u00e3o da sa\u00fade e dos servi\u00e7os, al\u00e9m de faltarem pol\u00edticas p\u00fablicas para a juventude e para a fam\u00edlia.<\/p>\n<p style=\"text-align: justify\">As inscri\u00e7\u00f5es podem ser feitas at\u00e9 o dia 10 de maio.<\/p>\n<p style=\"text-align: justify\">Informa\u00e7\u00f5es: (67) 3291-1378<br \/>\nConselho Diocesano de Leigos \u2013 Sirlei Aparecida Trindade Barreto<\/p>\n","protected":false},"excerpt":{"rendered":"<p>A diocese de Coxim (MS) realizar\u00e1, no dia 31 de maio, o 13\u00ba Encontro Diocesano de F\u00e9 e Pol\u00edtica. O tema abordado ser\u00e1 \u201cConstruindo a cidadania frente aos desafios crist\u00e3os\u201d. O evento acontecer\u00e1 na par\u00f3quia S\u00e3o Jo\u00e3o Maria Vianney, no munic\u00edpio de Para\u00edso das \u00c1guas (MS).<\/p>\n","protected":false},"author":83,"featured_media":24513,"comment_status":"open","ping_status":"open","sticky":false,"template":"","format":"standard","meta":{"site-sidebar-layout":"default","site-content-layout":"default","ast-global-header-display":"","ast-banner-title-visibility":"","ast-main-header-display":"","ast-hfb-above-header-display":"","ast-hfb-below-header-display":"","ast-hfb-mobile-header-display":"","site-post-title":"","ast-breadcrumbs-content":"","ast-featured-img":"","footer-sml-layout":"","theme-transparent-header-meta":"","adv-header-id-meta":"","stick-header-meta":"","header-above-stick-meta":"","header-main-stick-meta":"","header-below-stick-meta":""},"categories":[788,769],"tags":[],"acf":[],"_links":{"self":[{"href":"https:\/\/www.cnbb.org.br\/cnbb-app\/wp\/v2\/posts\/24512"}],"collection":[{"href":"https:\/\/www.cnbb.org.br\/cnbb-app\/wp\/v2\/posts"}],"about":[{"href":"https:\/\/www.cnbb.org.br\/cnbb-app\/wp\/v2\/types\/post"}],"author":[{"embeddable":true,"href":"https:\/\/www.cnbb.org.br\/cnbb-app\/wp\/v2\/users\/83"}],"replies":[{"embeddable":true,"href":"https:\/\/www.cnbb.org.br\/cnbb-app\/wp\/v2\/comments?post=24512"}],"version-history":[{"count":0,"href":"https:\/\/www.cnbb.org.br\/cnbb-app\/wp\/v2\/posts\/24512\/revisions"}],"wp:featuredmedia":[{"embeddable":true,"href":"https:\/\/www.cnbb.org.br\/cnbb-app\/wp\/v2\/media\/24513"}],"wp:attachment":[{"href":"https:\/\/www.cnbb.org.br\/cnbb-app\/wp\/v2\/media?parent=24512"}],"wp:term":[{"taxonomy":"category","embeddable":true,"href":"https:\/\/www.cnbb.org.br\/cnbb-app\/wp\/v2\/categories?post=24512"},{"taxonomy":"post_tag","embeddable":true,"href":"https:\/\/www.cnbb.org.br\/cnbb-app\/wp\/v2\/tags?post=24512"}],"curies":[{"name":"wp","href":"https:\/\/api.w.org\/{rel}","templated":true}]}}