{"id":24516,"date":"2014-07-29T00:00:00","date_gmt":"2014-07-29T03:00:00","guid":{"rendered":"https:\/\/www.cnbb.org.br\/cultura-vocacional-e-tema-da-assembleia-da-pv-sav-do-regional-oeste-1\/"},"modified":"2014-07-29T00:00:00","modified_gmt":"2014-07-29T03:00:00","slug":"cultura-vocacional-e-tema-da-assembleia-da-pv-sav-do-regional-oeste-1","status":"publish","type":"post","link":"https:\/\/www.cnbb.org.br\/cultura-vocacional-e-tema-da-assembleia-da-pv-sav-do-regional-oeste-1\/","title":{"rendered":"Cultura Vocacional \u00e9 tema da Assembleia da PV\/SAV do Regional Oeste 1"},"content":{"rendered":"<p style=\"text-align: justify\"><span style=\"line-height: 1.3em\">A sede do Instituto Teol\u00f3gico Jo\u00e3o Paulo II, em Mato Grosso do Sul, recebeu no \u00faltimo final de semana a Assembleia da Pastoral Vocacional \/ Servi\u00e7o de Anima\u00e7\u00e3o Vocacional (PV\/SAV) do Regional Oeste 1. \u00a0As equipes diocesanas reuniram-se para refletir sobre a Cultura Vocacional na realidade paroquial.<\/span><\/p>\n<p>  <!--more-->  <\/p>\n<p style=\"text-align: justify\">\u00a0<\/p>\n<p style=\"text-align: justify\">Entre os mais de 80 participantes havia representantes de todas as dioceses do Regional: arquidiocese de Campo Grande, dioceses de Corumb\u00e1, Coxim, Dourados, Jardim, Navira\u00ed e Tr\u00eas Lagoas. Cada diocese apresentou as atividades vocacionais realizadas do in\u00edcio do ano at\u00e9 agora e o cronograma foi aprovado.<\/p>\n<p style=\"text-align: justify\">A missa de abertura foi presidida pelo coordenador regional da PV\/SAV e p\u00e1roco da catedral de Navira\u00ed, padre Alex Messias, e concelebrada pelos padres assessores da PV\/SAV das demais dioceses. Ainda pela manh\u00e3, a exibi\u00e7\u00e3o do v\u00eddeo do I Simp\u00f3sio Vocacional retomou as discuss\u00f5es acerca de congressos vocacionais do Brasil e da\u00a0 Am\u00e9rica Latina e Caribe, bem como os desafios e perspectivas da Anima\u00e7\u00e3o Vocacional da Igreja no Brasil.<\/p>\n<p style=\"text-align: justify\">Na noite de s\u00e1bado foi realizado o lan\u00e7amento oficial do subs\u00eddio vocacional: \u201cUma carta para voc\u00ea\u201d, organizado pelo bispo auxiliar de Campo Grande e referencial da PV\/SAV no regional, dom Eduardo Pinheiro da Silva, que, para o trabalho, contou com a colabora\u00e7\u00e3o de outros padres e agentes de pastoral da arquidiocese de Campo Grande. Dom Eduardo exp\u00f4s a estrutura do subs\u00eddio e as possibilidades de utiliza\u00e7\u00e3o do mesmo.<\/p>\n<p style=\"text-align: justify\">As atividades do domingo tiveram in\u00edcio com a ora\u00e7\u00e3o das Laudes, presidida pelo assessor da PV\/SAV da arquidiocese de Campo Grande, padre Bruno Capistrano, e preparada pelos seminaristas da comunidade de Teologia, e continuaram com os encaminhamentos a respeito da \u201cCultura Vocacional no SAV Paroquial\u201d. Ap\u00f3s a exibi\u00e7\u00e3o do v\u00eddeo sobre a hist\u00f3ria da PV\/SAV no Regional Oeste 1, a assembleia foi encerrada com a celebra\u00e7\u00e3o da missa, presidida por dom Eduardo.<\/p>\n","protected":false},"excerpt":{"rendered":"<p>A sede do Instituto Teol\u00f3gico Jo\u00e3o Paulo II, em Mato Grosso do Sul, recebeu no \u00faltimo final de semana a Assembleia da Pastoral Vocacional \/ Servi\u00e7o de Anima\u00e7\u00e3o Vocacional (PV\/SAV) do Regional Oeste 1. \u00a0As equipes diocesanas reuniram-se para refletir sobre a Cultura Vocacional na realidade paroquial.<\/p>\n","protected":false},"author":83,"featured_media":24517,"comment_status":"open","ping_status":"open","sticky":false,"template":"","format":"standard","meta":{"site-sidebar-layout":"default","site-content-layout":"default","ast-global-header-display":"","ast-banner-title-visibility":"","ast-main-header-display":"","ast-hfb-above-header-display":"","ast-hfb-below-header-display":"","ast-hfb-mobile-header-display":"","site-post-title":"","ast-breadcrumbs-content":"","ast-featured-img":"","footer-sml-layout":"","theme-transparent-header-meta":"","adv-header-id-meta":"","stick-header-meta":"","header-above-stick-meta":"","header-main-stick-meta":"","header-below-stick-meta":""},"categories":[788,769],"tags":[],"acf":[],"_links":{"self":[{"href":"https:\/\/www.cnbb.org.br\/cnbb-app\/wp\/v2\/posts\/24516"}],"collection":[{"href":"https:\/\/www.cnbb.org.br\/cnbb-app\/wp\/v2\/posts"}],"about":[{"href":"https:\/\/www.cnbb.org.br\/cnbb-app\/wp\/v2\/types\/post"}],"author":[{"embeddable":true,"href":"https:\/\/www.cnbb.org.br\/cnbb-app\/wp\/v2\/users\/83"}],"replies":[{"embeddable":true,"href":"https:\/\/www.cnbb.org.br\/cnbb-app\/wp\/v2\/comments?post=24516"}],"version-history":[{"count":0,"href":"https:\/\/www.cnbb.org.br\/cnbb-app\/wp\/v2\/posts\/24516\/revisions"}],"wp:featuredmedia":[{"embeddable":true,"href":"https:\/\/www.cnbb.org.br\/cnbb-app\/wp\/v2\/media\/24517"}],"wp:attachment":[{"href":"https:\/\/www.cnbb.org.br\/cnbb-app\/wp\/v2\/media?parent=24516"}],"wp:term":[{"taxonomy":"category","embeddable":true,"href":"https:\/\/www.cnbb.org.br\/cnbb-app\/wp\/v2\/categories?post=24516"},{"taxonomy":"post_tag","embeddable":true,"href":"https:\/\/www.cnbb.org.br\/cnbb-app\/wp\/v2\/tags?post=24516"}],"curies":[{"name":"wp","href":"https:\/\/api.w.org\/{rel}","templated":true}]}}