{"id":24528,"date":"2008-08-21T00:00:00","date_gmt":"2008-08-21T03:00:00","guid":{"rendered":"https:\/\/www.cnbb.org.br\/carta-da-assembleia-regional-das-cebs-oeste-ii\/"},"modified":"2008-08-21T00:00:00","modified_gmt":"2008-08-21T03:00:00","slug":"carta-da-assembleia-regional-das-cebs-oeste-ii","status":"publish","type":"post","link":"https:\/\/www.cnbb.org.br\/carta-da-assembleia-regional-das-cebs-oeste-ii\/","title":{"rendered":"Carta da Assembl\u00e9ia Regional das CEBs Oeste II"},"content":{"rendered":"<p>&nbsp;<\/p>\n<p>Nos dias 22, 23 e 24<br \/>\nEm fevereiro de 2008<br \/>\nEm Cuiab\u00e1 aconteceu.<br \/>\n<!--more--> Mas uma Assembl\u00e9ia Regional das Ceb\u00b4s<br \/>\nQue o Regional promoveu.<\/p>\n<p>Veio gente de todos os cantos;<br \/>\nBispos, religiosas e leigos (as)<br \/>\nCom a bagagem de esperan\u00e7a<br \/>\nPra a Assembl\u00e9ia come\u00e7ar.<\/p>\n<p>Do cora\u00e7\u00e3o\u00a0 da Floresta veio<br \/>\nA Diocese de Sinop, trazendo.<br \/>\nA m\u00edstica dos m\u00e1rtires, S\u00e3o Felix, Do Araguaia.<\/p>\n<p>De Ju\u00edna os povos ind\u00edgenas,<br \/>\nDe Paranatinga a esperan\u00e7a<br \/>\nque cresce. De C\u00e1ceres os Pantaneiros<br \/>\nE de Cuiab\u00e1 25 anos de ceb\u2019s.<\/p>\n<p>Tamb\u00e9m n\u00e3o faltou nesta Assembl\u00e9ia<br \/>\nO Povo de Rondon\u00f3polis com muita anima\u00e7\u00e3o<br \/>\nSem esquecer de Guiratinga com fervor no cora\u00e7\u00e3o.<\/p>\n<p>Tivemos a grande alegria<br \/>\nDe Assessorar nossa Assembl\u00e9ia<br \/>\nDom Ant\u00f4nio Possamai<br \/>\nHomem de f\u00e9 e corajoso<br \/>\nProfeta das Cebs na floresta<br \/>\nCom sua mansid\u00e3o nos encorajou.<\/p>\n<p>Do ventre da Terra o Grito que vem das Bases<br \/>\nAssim nossa\u00a0 Assembl\u00e9ia come\u00e7ou<br \/>\n\u00c0 luz dos documentos de Aparecida<br \/>\nDom Ant\u00f4nio nos falou<br \/>\nMiss\u00e3o e Reino de Deus, li\u00e7\u00e3o que pra n\u00f3s ficou.<\/p>\n<p>Agora prestem aten\u00e7\u00e3o<br \/>\nCaf\u00e9 morno n\u00e3o presta, n\u00e3o agrada<br \/>\nUm Coordenador (a) que n\u00e3o for quente<br \/>\nLeva tudo a perder.\/p\u00f5e um col\u00edrio nos olhos<br \/>\nPr\u00f3s pobres da periferia e rural voc\u00ea ver.<\/p>\n<p>Nas Cebs a Festa e a alegria<br \/>\nDeve ser a marca principal<br \/>\nVamos impressionar o mundo<br \/>\nTer uma nova como\u00e7\u00e3o<br \/>\n\u00c9 preciso ser verdadeiras Cebs<br \/>\nEstando sempre em Miss\u00e3o.<\/p>\n<p>Para um profundo encontro com Jesus Cristo<br \/>\n\u00c9 preciso ter convic\u00e7\u00e3o, ter criatividade,<br \/>\nSem ficar acomodado e na aliena\u00e7\u00e3o.<br \/>\n\u00c9 preciso subir as montanhas das nossas<br \/>\nBases, sendo Povo de Deus em permanente Miss\u00e3o.<\/p>\n<p>Ser Igreja Viva e Prof\u00e9tica<br \/>\nInvestindo na forma\u00e7\u00e3o<br \/>\nInsistindo na vida comunit\u00e1ria.<br \/>\nCom m\u00edstica e convic\u00e7\u00e3o<br \/>\nCebs \u00e9 lugar de Educa\u00e7\u00e3o de f\u00e9.<br \/>\nQue se re\u00fane pr\u00f3 p\u00e3o e para o mutir\u00e3o.<\/p>\n<p>Viver a f\u00e9 sem se comprometer com a pol\u00edtica<br \/>\n\u00c9 imposs\u00edvel, diz documento que vem pra nos guiar.<br \/>\nSer cat\u00f3lico \u00e9 f\u00e1cil,\u00a0 complicado \u00e9 ser crist\u00e3o.<br \/>\nExige ter\u00a0 coer\u00eancia , entrega, f\u00e9 e a\u00e7\u00e3o.<br \/>\nExige beber na pr\u00f3pria fonte<br \/>\nDa cultura, da\u00a0 realidade com muita paix\u00e3o.<\/p>\n<p>Enfim, Cebs \u00e9 dom, \u00e9 c\u00e9lula fundamental.<br \/>\nIgreja que busca a palavra e servidora da vida.<br \/>\nNos bioma da Amaz\u00f4nia, Cerrado e Pantanal.<br \/>\nA luz do documento de Aparecida,<br \/>\nAs Cebs se destacou. Como Rede de comunidades<br \/>\nA op\u00e7\u00e3o preferencial pelos pobres firmou.<\/p>\n<p>CIMI, CEBI, Centro Burnier<br \/>\nPastoral dos Migrantes e Assembl\u00e9ia popular<br \/>\nTamb\u00e9m a Economia Solid\u00e1ria<br \/>\nOrganizando a for\u00e7a popular<br \/>\nEntidades marcando presen\u00e7a<br \/>\nE testemunhando que vale a pena lutar.<\/p>\n<p>Na hora dos testemunhos<br \/>\nCarlos Abicallil, o deputado nos falou.<br \/>\nCom grande m\u00edstica o guerreiro<br \/>\nF\u00e9 e Pol\u00edtica nos sensibilizou.<br \/>\nTamb\u00e9m estavam os Chiquitanos<br \/>\nSe afirmando como etnia nos encantou.<\/p>\n<p>A noite houve caminhada<br \/>\nNas tendas das Dioceses<br \/>\nHouve partilha e m\u00edstica,<br \/>\nbebemos da realidade de cada lugar.<br \/>\nRezamos, cantamos em romaria<br \/>\nCom alegria e dan\u00e7a das Cebs a se alegrar.<\/p>\n<p>Tivemos muitos momentos de avalia\u00e7\u00e3o e organiza\u00e7\u00e3o<br \/>\nPro bom andamento das Cebs em nossa regi\u00e3o.<br \/>\nO Testemunho vivo de Dom Ant\u00f4nio Possamai<br \/>\nEt\u00e1 profeta das Cebs que muito nos ajudou<br \/>\nVamos voltar para as bases com est\u00e1 grande empurr\u00e3o<br \/>\nSer Povo de Deus em mutir\u00e3o.<\/p>\n<p>J\u00e1 vamos pr\u00f3s finalmente<br \/>\nQuando a Assembl\u00e9ia encerrou,<br \/>\nDom Jose permaneceu o tempo todo,<br \/>\nNos guiando como bom Pastor.<\/p>\n<p>Em vista do 12\u00ba- Intereclesial<br \/>\nMuitas coisas a gente encaminhou<br \/>\nBasta ver o calend\u00e1rio que a gente planejou.<br \/>\nCom as b\u00ean\u00e7\u00e3os de Dom Jos\u00e9 e dom Ant\u00f4nio Possamai<br \/>\nRetornamos com as Ceb\u00b4s em a\u00e7\u00e3o.<br \/>\nVamos animar nossas bases.<br \/>\nVamos animar nossas Dioceses<br \/>\nEm permanente\u00a0 miss\u00e3o.<\/p>\n<p>Assessora das CEBs &#8211; MT<br \/>\nVanda A Santos<\/p>\n<p>Cuiab\u00e1 24 de Fevereiro 2008<\/p>\n","protected":false},"excerpt":{"rendered":"<p>&nbsp; Nos dias 22, 23 e 24 Em fevereiro de 2008 Em Cuiab\u00e1 aconteceu.<\/p>\n","protected":false},"author":83,"featured_media":0,"comment_status":"open","ping_status":"open","sticky":false,"template":"","format":"standard","meta":{"site-sidebar-layout":"default","site-content-layout":"default","ast-global-header-display":"","ast-banner-title-visibility":"","ast-main-header-display":"","ast-hfb-above-header-display":"","ast-hfb-below-header-display":"","ast-hfb-mobile-header-display":"","site-post-title":"","ast-breadcrumbs-content":"","ast-featured-img":"","footer-sml-layout":"","theme-transparent-header-meta":"","adv-header-id-meta":"","stick-header-meta":"","header-above-stick-meta":"","header-main-stick-meta":"","header-below-stick-meta":""},"categories":[771,769],"tags":[],"acf":[],"_links":{"self":[{"href":"https:\/\/www.cnbb.org.br\/cnbb-app\/wp\/v2\/posts\/24528"}],"collection":[{"href":"https:\/\/www.cnbb.org.br\/cnbb-app\/wp\/v2\/posts"}],"about":[{"href":"https:\/\/www.cnbb.org.br\/cnbb-app\/wp\/v2\/types\/post"}],"author":[{"embeddable":true,"href":"https:\/\/www.cnbb.org.br\/cnbb-app\/wp\/v2\/users\/83"}],"replies":[{"embeddable":true,"href":"https:\/\/www.cnbb.org.br\/cnbb-app\/wp\/v2\/comments?post=24528"}],"version-history":[{"count":0,"href":"https:\/\/www.cnbb.org.br\/cnbb-app\/wp\/v2\/posts\/24528\/revisions"}],"wp:attachment":[{"href":"https:\/\/www.cnbb.org.br\/cnbb-app\/wp\/v2\/media?parent=24528"}],"wp:term":[{"taxonomy":"category","embeddable":true,"href":"https:\/\/www.cnbb.org.br\/cnbb-app\/wp\/v2\/categories?post=24528"},{"taxonomy":"post_tag","embeddable":true,"href":"https:\/\/www.cnbb.org.br\/cnbb-app\/wp\/v2\/tags?post=24528"}],"curies":[{"name":"wp","href":"https:\/\/api.w.org\/{rel}","templated":true}]}}