{"id":24555,"date":"2011-03-22T00:00:00","date_gmt":"2011-03-22T03:00:00","guid":{"rendered":"https:\/\/www.cnbb.org.br\/16o-assembleia-da-pastoral-familiar-do-regional-oeste-2-da-cnbb\/"},"modified":"2011-03-22T00:00:00","modified_gmt":"2011-03-22T03:00:00","slug":"16o-assembleia-da-pastoral-familiar-do-regional-oeste-2-da-cnbb","status":"publish","type":"post","link":"https:\/\/www.cnbb.org.br\/16o-assembleia-da-pastoral-familiar-do-regional-oeste-2-da-cnbb\/","title":{"rendered":"16\u00aa Assembleia da Pastoral Familiar do Regional Oeste 2 da CNBB"},"content":{"rendered":"<p style=\"text-align: justify\">Estiveram reunidos na sede do Regional Oeste 2 da CNBB (Mato Grosso), que fica no Centro Nova Evangeliza\u00e7\u00e3o (CENE), em Cuiab\u00e1, todos os coordenadores diocesanos da Pastoral Familiar, a coordena\u00e7\u00e3o Regional, padres assessores diocesanos, juntamente com a coordena\u00e7\u00e3o regional e diocesana da Pastoral da Catequ\u00e9tica, para a 16\u00aa Assembleia Regional da Pastoral Familiar, que aconteceu de 18 a 22.<\/p>\n<p>  <!--more-->  <\/p>\n<p style=\"text-align: justify\">Foram abordados da reuni\u00e3o o plano de a\u00e7\u00e3o na caminhada e novos horizontes para o pr\u00f3ximo ano, a sintonia estreita com as dioceses e a forma\u00e7\u00e3o de agentes.<\/p>\n<p style=\"text-align: justify\">O tema debatido foi \u201cFam\u00edlia e a Catequese de Inicia\u00e7\u00e3o Crist\u00e3\u201d. Foram estudadas as quest\u00f5es da \u201cPalavra e Gestos\u201d (padre Reinaldo Braga J\u00fanior \u2013 padre referencial da Pastoral Familiar); \u201cPastoral Org\u00e2nica\u201d (padre Jos\u00e9 Carlos Tim\u00f3teo), \u201cFortalecimento dos Setores da Pastoral\u201d e a \u201cExposi\u00e7\u00e3o \u00e0 Inicia\u00e7\u00e3o \u00e0 vida Crist\u00e3\u201d (irm\u00e3. Sarvelina Nicolode \u2013 coordenadora regional da catequese).<\/p>\n<p style=\"text-align: justify\">Estiveram presentes membros das oito dioceses e duas prelazias, com um total de 43 participantes.<\/p>\n<h4 style=\"text-align: justify\">Pastoral da Aids<\/h4>\n<p style=\"text-align: justify\"><img decoding=\"async\" loading=\"lazy\" class=\" alignleft size-full wp-image-8879\" style=\"float: left\" alt=\"Pastoral_da_Aids\" src=\"https:\/\/www.cnbb.org.br\/wp-content\/uploads\/2020\/02\/Pastoral_da_Aids.jpg\" width=\"300\" height=\"225\" \/>Nos mesmos dias da assembleia do Regional, aconteceu em Cuiab\u00e1, uma capacita\u00e7\u00e3o para os agentes da Pastoral da AIDS de todas as diocese que comp\u00f5e o Regional Oeste 2.<\/p>\n<p style=\"text-align: justify\">Foram discutidos temas t\u00e9cnicos da Pastoral como, incentivo ao diagn\u00f3stico precoce de HIV e de incid\u00eancia pol\u00edtica, que foram facilitados por Beatriz Bertame e irm\u00e3. Rosa Marta (coordenadora Regional). Nesta reuni\u00e3o houve a presen\u00e7a do frei Jos\u00e9 Bernardi (Secret\u00e1rio Nacional) e do padre Reinaldo Braga J\u00fanior (padre referencial da Pastoral da AIDS no Regional Oeste 2).<\/p>\n<p style=\"text-align: justify\">Os agentes vieram das dioceses de Barra do Gar\u00e7as, C\u00e1ceres, Cuiab\u00e1, Diamantino e Guiratinga.<\/p>\n","protected":false},"excerpt":{"rendered":"<p>Estiveram reunidos na sede do Regional Oeste 2 da CNBB (Mato Grosso), que fica no Centro Nova Evangeliza\u00e7\u00e3o (CENE), em Cuiab\u00e1, todos os coordenadores diocesanos da Pastoral Familiar, a coordena\u00e7\u00e3o Regional, padres assessores diocesanos, juntamente com a coordena\u00e7\u00e3o regional e diocesana da Pastoral da Catequ\u00e9tica, para a 16\u00aa Assembleia Regional da Pastoral Familiar, que aconteceu &hellip;<\/p>\n<p class=\"read-more\"> <a class=\"\" href=\"https:\/\/www.cnbb.org.br\/16o-assembleia-da-pastoral-familiar-do-regional-oeste-2-da-cnbb\/\"> <span class=\"screen-reader-text\">16\u00aa Assembleia da Pastoral Familiar do Regional Oeste 2 da CNBB<\/span> Leia mais &raquo;<\/a><\/p>\n","protected":false},"author":83,"featured_media":580,"comment_status":"open","ping_status":"open","sticky":false,"template":"","format":"standard","meta":{"site-sidebar-layout":"default","site-content-layout":"default","ast-global-header-display":"","ast-banner-title-visibility":"","ast-main-header-display":"","ast-hfb-above-header-display":"","ast-hfb-below-header-display":"","ast-hfb-mobile-header-display":"","site-post-title":"","ast-breadcrumbs-content":"","ast-featured-img":"","footer-sml-layout":"","theme-transparent-header-meta":"","adv-header-id-meta":"","stick-header-meta":"","header-above-stick-meta":"","header-main-stick-meta":"","header-below-stick-meta":""},"categories":[771,769],"tags":[],"acf":[],"_links":{"self":[{"href":"https:\/\/www.cnbb.org.br\/cnbb-app\/wp\/v2\/posts\/24555"}],"collection":[{"href":"https:\/\/www.cnbb.org.br\/cnbb-app\/wp\/v2\/posts"}],"about":[{"href":"https:\/\/www.cnbb.org.br\/cnbb-app\/wp\/v2\/types\/post"}],"author":[{"embeddable":true,"href":"https:\/\/www.cnbb.org.br\/cnbb-app\/wp\/v2\/users\/83"}],"replies":[{"embeddable":true,"href":"https:\/\/www.cnbb.org.br\/cnbb-app\/wp\/v2\/comments?post=24555"}],"version-history":[{"count":0,"href":"https:\/\/www.cnbb.org.br\/cnbb-app\/wp\/v2\/posts\/24555\/revisions"}],"wp:featuredmedia":[{"embeddable":true,"href":"https:\/\/www.cnbb.org.br\/cnbb-app\/wp\/v2\/media\/580"}],"wp:attachment":[{"href":"https:\/\/www.cnbb.org.br\/cnbb-app\/wp\/v2\/media?parent=24555"}],"wp:term":[{"taxonomy":"category","embeddable":true,"href":"https:\/\/www.cnbb.org.br\/cnbb-app\/wp\/v2\/categories?post=24555"},{"taxonomy":"post_tag","embeddable":true,"href":"https:\/\/www.cnbb.org.br\/cnbb-app\/wp\/v2\/tags?post=24555"}],"curies":[{"name":"wp","href":"https:\/\/api.w.org\/{rel}","templated":true}]}}