{"id":24571,"date":"2011-07-26T00:00:00","date_gmt":"2011-07-26T03:00:00","guid":{"rendered":"https:\/\/www.cnbb.org.br\/regional-oeste-2-elege-nova-coordenacao-do-sav\/"},"modified":"2011-07-26T00:00:00","modified_gmt":"2011-07-26T03:00:00","slug":"regional-oeste-2-elege-nova-coordenacao-do-sav","status":"publish","type":"post","link":"https:\/\/www.cnbb.org.br\/regional-oeste-2-elege-nova-coordenacao-do-sav\/","title":{"rendered":"Regional Oeste 2 elege nova coordena\u00e7\u00e3o do SAV"},"content":{"rendered":"<p style=\"text-align: justify\">O Servi\u00e7o de Anima\u00e7\u00e3o Vocacional do Regional Oeste 2 da CNBB (Mato Grosso) elegeu, durante a Escola de Animadores Vocacionais, que aconteceu em Cuiab\u00e1 (MT) nos dias 22 a 24, a sua nova coordena\u00e7\u00e3o regional para os pr\u00f3ximos dois anos (2012-2013).<\/p>\n<p><!--more--><\/p>\n<p style=\"text-align: justify\">As expectativas dos 45 participantes foram contempladas com a rica explana\u00e7\u00e3o da irm\u00e3 Auriana. O desejo do encontro com o outro, de estreitar la\u00e7os com os irm\u00e3os e irm\u00e3s foi o ponto alto nesta escola, que completou sete anos de trabalhos pelas voca\u00e7\u00f5es. O tema estudado foi a \u201cEspiritualidade do Animador Vocacional\u201d. A tem\u00e1tica foi ministrada pela irm\u00e3 Auriana juntamente com a novi\u00e7a Fabiani, da Congrega\u00e7\u00e3o das Irm\u00e3s Agostinianas, presente na cidade de V\u00e1rzea Grande (MT).<\/p>\n<p style=\"text-align: justify\">A nova coordena\u00e7\u00e3o foi eleita pela arquidiocese Cuiab\u00e1 e dioceses de Barra do Gar\u00e7as, Diamantino, Guiratinga, Ju\u00edna, Rondon\u00f3polis, S\u00e3o Luiz de C\u00e1ceres e Sinop e a prelazia de Paranatinga.<\/p>\n<p style=\"text-align: justify\"><strong>Nova coordena\u00e7\u00e3o<\/strong><\/p>\n<p style=\"text-align: justify\">O novo coordenador \u00e9 o di\u00e1cono Ermes Costa Campos (diocese de Guiratinga); padre Rodrigo Adalberto de Oliveira como vice-coordenador (diocese de Diamantino); as leigas L\u00facia da Rosa (Sinop) e Neiva Aparecida da Silva Nery (Guiratinga) ser\u00e3o as secret\u00e1rias; o leigo Sebasti\u00e3o Correia Pimenta (diocese de Rondon\u00f3polis) foi escolhido para continuar como secret\u00e1rio-assistente. As religiosas, irm\u00e3 Claudenete Santana Nunes (FMA) e Cristina Auxiliadora A. Vieira (ICF) ambas da diocese de Rondon\u00f3polis e o casal Jorge e Zilda (C\u00e1ceres) foram eleitos para compor a nova coordena\u00e7\u00e3o. Dom Derek (Guiratinga) \u00e9 o bispo referencial da Anima\u00e7\u00e3o Vocacional no Regional.<\/p>\n","protected":false},"excerpt":{"rendered":"<p>O Servi\u00e7o de Anima\u00e7\u00e3o Vocacional do Regional Oeste 2 da CNBB (Mato Grosso) elegeu, durante a Escola de Animadores Vocacionais, que aconteceu em Cuiab\u00e1 (MT) nos dias 22 a 24, a sua nova coordena\u00e7\u00e3o regional para os pr\u00f3ximos dois anos (2012-2013).<\/p>\n","protected":false},"author":83,"featured_media":24572,"comment_status":"open","ping_status":"open","sticky":false,"template":"","format":"standard","meta":{"site-sidebar-layout":"default","site-content-layout":"default","ast-global-header-display":"","ast-banner-title-visibility":"","ast-main-header-display":"","ast-hfb-above-header-display":"","ast-hfb-below-header-display":"","ast-hfb-mobile-header-display":"","site-post-title":"","ast-breadcrumbs-content":"","ast-featured-img":"","footer-sml-layout":"","theme-transparent-header-meta":"","adv-header-id-meta":"","stick-header-meta":"","header-above-stick-meta":"","header-main-stick-meta":"","header-below-stick-meta":""},"categories":[771,769],"tags":[],"acf":[],"_links":{"self":[{"href":"https:\/\/www.cnbb.org.br\/cnbb-app\/wp\/v2\/posts\/24571"}],"collection":[{"href":"https:\/\/www.cnbb.org.br\/cnbb-app\/wp\/v2\/posts"}],"about":[{"href":"https:\/\/www.cnbb.org.br\/cnbb-app\/wp\/v2\/types\/post"}],"author":[{"embeddable":true,"href":"https:\/\/www.cnbb.org.br\/cnbb-app\/wp\/v2\/users\/83"}],"replies":[{"embeddable":true,"href":"https:\/\/www.cnbb.org.br\/cnbb-app\/wp\/v2\/comments?post=24571"}],"version-history":[{"count":0,"href":"https:\/\/www.cnbb.org.br\/cnbb-app\/wp\/v2\/posts\/24571\/revisions"}],"wp:featuredmedia":[{"embeddable":true,"href":"https:\/\/www.cnbb.org.br\/cnbb-app\/wp\/v2\/media\/24572"}],"wp:attachment":[{"href":"https:\/\/www.cnbb.org.br\/cnbb-app\/wp\/v2\/media?parent=24571"}],"wp:term":[{"taxonomy":"category","embeddable":true,"href":"https:\/\/www.cnbb.org.br\/cnbb-app\/wp\/v2\/categories?post=24571"},{"taxonomy":"post_tag","embeddable":true,"href":"https:\/\/www.cnbb.org.br\/cnbb-app\/wp\/v2\/tags?post=24571"}],"curies":[{"name":"wp","href":"https:\/\/api.w.org\/{rel}","templated":true}]}}