{"id":24575,"date":"2011-11-17T00:00:00","date_gmt":"2011-11-17T02:00:00","guid":{"rendered":"https:\/\/www.cnbb.org.br\/diocese-de-rondonopolis-avalia-e-programa-atividades-pastorais-em-assembleia\/"},"modified":"2011-11-17T00:00:00","modified_gmt":"2011-11-17T02:00:00","slug":"diocese-de-rondonopolis-avalia-e-programa-atividades-pastorais-em-assembleia","status":"publish","type":"post","link":"https:\/\/www.cnbb.org.br\/diocese-de-rondonopolis-avalia-e-programa-atividades-pastorais-em-assembleia\/","title":{"rendered":"Diocese de Rondon\u00f3polis avalia e programa atividades pastorais em Assembleia"},"content":{"rendered":"<p style=\"text-align: justify\">Avaliar o 14\u00ba Plano Diocesano de Pastoral e programar as atividades de 2012. Estes foram os objetivos da 41\u00aa Assembleia de Pastoral da diocese de Rondon\u00f3polis (MT) realizada nos dias 11 a 13, em Rondon\u00f3polis com a presen\u00e7a de 92 delegados entre padres, religiosos e leigos.<\/p>\n<p><!--more--><\/p>\n<p style=\"text-align: justify\">O bispo diocesano, dom Juventino Kestering, encaminhou com a Assembleia o estudo das Diretrizes Gerais da A\u00e7\u00e3o Evangelizadora da Igreja no Brasil (DGAE) e apontou horizontes que devem ser integrados na elabora\u00e7\u00e3o do novo Plano Diocesano de Pastoral especialmente as Miss\u00f5es Populares, a Inicia\u00e7\u00e3o \u00e0 Vida Crist\u00e3, a Palavra de Deus, o fortalecimento das comunidades, a Pastoral Social, os subs\u00eddios elaborados pela diocese, a promo\u00e7\u00e3o das voca\u00e7\u00f5es e a anima\u00e7\u00e3o dos Setores.<\/p>\n<p style=\"text-align: justify\">Ap\u00f3s a apresenta\u00e7\u00e3o da realidade percebeu-se na linha da evangeliza\u00e7\u00e3o, da celebra\u00e7\u00e3o, da catequese, da pastoral social, da presen\u00e7a do leigo na Igreja e na sociedade. Ficaram vis\u00edveis as lacunas como a dificuldade de renovar lideran\u00e7as, de caminhar para o novo, de formar crist\u00e3os conscientes e inseridos na sociedade; a dificuldade de atingir a juventude, o sentido do casamento, a a\u00e7\u00e3o concreta da Igreja junto aos pobres al\u00e9m da constata\u00e7\u00e3o da n\u00e3o clareza de uma linha condutora e de certa fragmenta\u00e7\u00e3o pastoral.<\/p>\n<p style=\"text-align: justify\">Padre Gunther Lendbrald, em nome da coordena\u00e7\u00e3o diocesana de pastoral, fez uma reflex\u00e3o, aprofundando as quest\u00f5es acima citadas. Insistiu que as a\u00e7\u00f5es pastorais e os objetivos n\u00e3o devem ser gen\u00e9ricos e abrangentes, mas concretos, vi\u00e1veis e realiz\u00e1veis. Falou sobre a import\u00e2ncia de o Plano de Pastoral ter de uma teologia baseada no Conc\u00edlio Vaticano II, uma Cristologia e eclesiologia de comunh\u00e3o. Apontou tamb\u00e9m a import\u00e2ncia da comunidade e da presen\u00e7a dos leigos na vida social como testemunhas do Reino e refor\u00e7ou a necessidade de que o novo Plano seja envolvente e que todas as pastorais, movimentos e organismos o abracem como uma linha orientadora.<\/p>\n<p>No plen\u00e1rio sobressa\u00edram as seguintes sugest\u00f5es: A import\u00e2ncia da Igreja que escuta, que incentiva a participa\u00e7\u00e3o dos crist\u00e3os, que acompanha as lideran\u00e7as. A import\u00e2ncia dos subs\u00eddios elaborados pela diocese e a incentiva\u00e7\u00e3o da leitura orante da b\u00edblia. Um olhar especial para a juventude; iniciar o processo de Inicia\u00e7\u00e3o \u00e0 Vida Crist\u00e3, a realiza\u00e7\u00e3o de assembleias paroquiais e dos Setores. Incentivar o sentido de perten\u00e7a e aprofundar a teologia da miss\u00e3o: qual \u00e9 a miss\u00e3o da Igreja? Por que evangelizamos?<\/p>\n<p style=\"text-align: justify\">No \u00faltimo dia da Assembleia, as discuss\u00f5es tiveram como foco a organiza\u00e7\u00e3o dos Setores, encaminhamento e discuss\u00e3o sobre o calend\u00e1rio das atividades pastorais para o ano de 2012. Houve insist\u00eancia para a n\u00e3o multiplica\u00e7\u00e3o das atividades e encontros, mas a prioridade pela qualidade dos encontros e que o tempo seja investido na evangeliza\u00e7\u00e3o e na visita \u00e0s fam\u00edlias, apresenta\u00e7\u00e3o do relat\u00f3rio econ\u00f4mica da diocese, das coletas e campanhas, a import\u00e2ncia da miss\u00e3o e da forma\u00e7\u00e3o de leigos, uma aten\u00e7\u00e3o especial \u00e0 inicia\u00e7\u00e3o \u00e0 vida crist\u00e3 e \u00e0 juventude.<\/p>\n","protected":false},"excerpt":{"rendered":"<p>Avaliar o 14\u00ba Plano Diocesano de Pastoral e programar as atividades de 2012. Estes foram os objetivos da 41\u00aa Assembleia de Pastoral da diocese de Rondon\u00f3polis (MT) realizada nos dias 11 a 13, em Rondon\u00f3polis com a presen\u00e7a de 92 delegados entre padres, religiosos e leigos.<\/p>\n","protected":false},"author":83,"featured_media":24576,"comment_status":"open","ping_status":"open","sticky":false,"template":"","format":"standard","meta":{"site-sidebar-layout":"default","site-content-layout":"default","ast-global-header-display":"","ast-banner-title-visibility":"","ast-main-header-display":"","ast-hfb-above-header-display":"","ast-hfb-below-header-display":"","ast-hfb-mobile-header-display":"","site-post-title":"","ast-breadcrumbs-content":"","ast-featured-img":"","footer-sml-layout":"","theme-transparent-header-meta":"","adv-header-id-meta":"","stick-header-meta":"","header-above-stick-meta":"","header-main-stick-meta":"","header-below-stick-meta":""},"categories":[771,769],"tags":[],"acf":[],"_links":{"self":[{"href":"https:\/\/www.cnbb.org.br\/cnbb-app\/wp\/v2\/posts\/24575"}],"collection":[{"href":"https:\/\/www.cnbb.org.br\/cnbb-app\/wp\/v2\/posts"}],"about":[{"href":"https:\/\/www.cnbb.org.br\/cnbb-app\/wp\/v2\/types\/post"}],"author":[{"embeddable":true,"href":"https:\/\/www.cnbb.org.br\/cnbb-app\/wp\/v2\/users\/83"}],"replies":[{"embeddable":true,"href":"https:\/\/www.cnbb.org.br\/cnbb-app\/wp\/v2\/comments?post=24575"}],"version-history":[{"count":0,"href":"https:\/\/www.cnbb.org.br\/cnbb-app\/wp\/v2\/posts\/24575\/revisions"}],"wp:featuredmedia":[{"embeddable":true,"href":"https:\/\/www.cnbb.org.br\/cnbb-app\/wp\/v2\/media\/24576"}],"wp:attachment":[{"href":"https:\/\/www.cnbb.org.br\/cnbb-app\/wp\/v2\/media?parent=24575"}],"wp:term":[{"taxonomy":"category","embeddable":true,"href":"https:\/\/www.cnbb.org.br\/cnbb-app\/wp\/v2\/categories?post=24575"},{"taxonomy":"post_tag","embeddable":true,"href":"https:\/\/www.cnbb.org.br\/cnbb-app\/wp\/v2\/tags?post=24575"}],"curies":[{"name":"wp","href":"https:\/\/api.w.org\/{rel}","templated":true}]}}