{"id":24595,"date":"2016-07-29T00:00:00","date_gmt":"2016-07-29T03:00:00","guid":{"rendered":"https:\/\/www.cnbb.org.br\/seminario-de-catequese-aborda-dimensao-celebrativa-na-iniciacao-a-vida-crista\/"},"modified":"2016-07-29T00:00:00","modified_gmt":"2016-07-29T03:00:00","slug":"seminario-de-catequese-aborda-dimensao-celebrativa-na-iniciacao-a-vida-crista","status":"publish","type":"post","link":"https:\/\/www.cnbb.org.br\/seminario-de-catequese-aborda-dimensao-celebrativa-na-iniciacao-a-vida-crista\/","title":{"rendered":"Semin\u00e1rio de Catequese aborda &#8220;Dimens\u00e3o Celebrativa na Inicia\u00e7\u00e3o \u00e0 Vida Crist\u00e3&#8217;"},"content":{"rendered":"<p style=\"font-size: 12.16px;line-height: 15.808px\">Encontro foi promovido pelo regional Oeste 2 da CNBB<\/p>\n<p>  <!--more-->  <\/p>\n<p style=\"text-align: justify\">\u201cA Dimens\u00e3o Celebrativa na Inicia\u00e7\u00e3o \u00e0 Vida Crist\u00e3\u201d. Este foi o tema do Semin\u00e1rio de Catequese do regional Oeste 2 da Confer\u00eancia Nacional dos Bispos do Brasil (CNBB), ocorrido em Cuiab\u00e1 (MT), nos dias 23 e 24 de julho.<\/p>\n<p style=\"text-align: justify\">O evento, que reuniu 53 pessoas, contou com as assessorias do bispo de Rondon\u00f3polis (M) e referencial da Catequese, dom Juventino Kestering; \u00a0do padre Osmar Bezutte e da coordenadora regional da Catequese, irm\u00e3 Ivone Hofer.\u00a0<\/p>\n<p style=\"text-align: justify\">Palestras, partilhas de experi\u00eancias, trabalhos em grupos, confraterniza\u00e7\u00e3o e celebra\u00e7\u00f5es marcaram o encontro.<\/p>\n<p style=\"text-align: justify\">No in\u00edcio do semin\u00e1rio, dom Juventino falou sobre a import\u00e2ncia da inicia\u00e7\u00e3o \u00e0 vida crist\u00e3 como projeto da Igreja envolvendo pastorais, movimentos e presb\u00edteros. O bispo acrescentou que a inicia\u00e7\u00e3o \u00e9 um processo que exige mudan\u00e7a no catequista, na fam\u00edlia, no planejamento da catequese, na coordena\u00e7\u00e3o diocesana de pastoral, nos presb\u00edteros e na diocese. Disse tamb\u00e9m que a catequese exige uma mudan\u00e7a de foco e que \u00e9 preciso ir at\u00e9 os assentamentos, aldeias ind\u00edgenas, novos bairros, ou seja, ir ao encontro das pessoas.\u00a0<\/p>\n<h3 style=\"text-align: justify\">Dimens\u00e3o celebrativa<\/h3>\n<p style=\"text-align: justify\">A respeito do tema, padre Osmar Bezzute ressaltou que a rela\u00e7\u00e3o entre catequese e liturgia tem uma tradi\u00e7\u00e3o e que o desafio \u00e9 resgatar a intercomunh\u00e3o entre elas. Padre Osmar apresentou ao grupo linhas formativas, entre elas: \u00a0\u201crever a metodologia usada na catequese, para que os encontros sejam sempre celebrativos, orantes, simb\u00f3licos; repensar as estruturas f\u00edsicas onde acontece a catequese, para que se tornem espa\u00e7os prop\u00edcios para celebra\u00e7\u00f5es; questionar os modismos lit\u00fargicos e celebra\u00e7\u00f5es que comunicam muito pouco do essencial da f\u00e9 e que transformam a liturgia em teatro, show ou espet\u00e1culo; buscar um novo itiner\u00e1rio para a Inicia\u00e7\u00e3o Crist\u00e3, introduzindo o catequizando na vida da comunidade recuperando a riqueza do catecumenato, que fica como horizonte para a catequese; celebrar em comunidade os momentos fortes e as datas especiais do calend\u00e1rio lit\u00fargico, envolvendo a comunidade, os catequizandos e os pais; superar definitivamente o modelo tradicional de catequese como doutrina\u00e7\u00e3o; buscar um conhecimento vivo, que ultrapasse o que \u00e9 te\u00f3rico, t\u00e9cnico-cient\u00edfico e abstrato\u201d.<\/p>\n<p style=\"text-align: justify\">Segundo o assessor, \u201co desafio de uma catequese celebrativa \u00e9 torn\u00e1-la viva, fazendo com que crian\u00e7as, jovens e adultos tenham vontade de voltar a se encontrar com Deus, com a comunidade e com os irm\u00e3os. \u00a0Para padre Osmar \u201ca catequese deve esclarecer a f\u00e9, dirigir o cora\u00e7\u00e3o para Deus; incentivar a participa\u00e7\u00e3o nos mist\u00e9rios lit\u00fargicos, animar para o apostolado e orientar toda a vida segundo o Esp\u00edrito de Cristo\u201d.<\/p>\n<h3 style=\"line-height: 15.808px\">Desafio Permanente<\/h3>\n<p style=\"font-size: 12.16px;line-height: 15.808px\">Ainda, durante o semin\u00e1rio, irm\u00e3 Ivone Hofer apresentou o tema \u201cA inicia\u00e7\u00e3o crist\u00e3: desafio permanente\u201d. Segundo Ivone, \u201ca inicia\u00e7\u00e3o crist\u00e3 \u00e9 o come\u00e7o de uma caminhada, itiner\u00e1rio, com diversas etapas, por meio das quais o catequizando adquire maturidade, profundidade, transforma\u00e7\u00e3o de sua vida, tornando-se um crist\u00e3o adulto disc\u00edpulo mission\u00e1rio\u201d.\u00a0<\/p>\n<p style=\"font-size: 12.16px;line-height: 15.808px;text-align: justify\">Conforme\u00a0a coordenadora de catequese, \u201ca inicia\u00e7\u00e3o \u00e9 participar como membro ativo da vida eclesial, aprofundando o conhecimento, a celebra\u00e7\u00e3o e a viv\u00eancia da Palavra de Deus na intera\u00e7\u00e3o f\u00e9 e vida\u201d. \u00a0<\/p>\n<h3 style=\"line-height: 15.808px\">Crist\u00e3os leigos<\/h3>\n<p style=\"font-size: 12.16px;line-height: 15.808px\">No \u00faltimo dia do Semin\u00e1rio, \u00a0<span style=\"font-size: 12.16px;line-height: 15.808px\">dom Juventino Kestering falou sobre a &#8220;Catequese de inicia\u00e7\u00e3o \u00e0 vida crist\u00e3, na dimens\u00e3o celebrativa\u201d, tendo como base\u00a0<\/span><span style=\"font-size: 12.16px;line-height: 1.3em\">o Documento da CNBB N. 105, \u201cCrist\u00e3os leigos e leigas na Igreja e na sociedade. Sal da terra e luz do mundo\u201d.\u00a0<\/span><\/p>\n<p style=\"font-size: 12.16px;line-height: 15.808px\">De acordo com o bispo, compreender e viver a Igreja \u00e9 fundamental para entender e valorizar a voca\u00e7\u00e3o, a identidade, a espiritualidade e a miss\u00e3o dos crist\u00e3os leigos e leigas. \u201cApesar do crescimento da consci\u00eancia, da identidade e da miss\u00e3o dos crist\u00e3os leigos e leigas na Igreja e no mundo, ainda h\u00e1 um longo caminho a percorrer: fazer com que a catequese se transforme em processo de inspira\u00e7\u00e3o catecumenal. A Inicia\u00e7\u00e3o \u00e0 Vida Crist\u00e3 h\u00e1 de caracterizar toda a catequese de modo que todos os membros da Igreja e os que nela se insere, aos que a ela retornam encontrem o Cristo Ressuscitado, fa\u00e7am verdadeira experi\u00eancia do amor de Deus e se tornem aut\u00eanticos disc\u00edpulos mission\u00e1rios do evangelho de Cristo\u201d, disse.\u00a0<\/p>\n<p style=\"font-size: 12.16px;line-height: 15.808px\">No encerramento, houve uma celebra\u00e7\u00e3o de envio dos participantes \u00e0s suas dioceses.\u00a0<\/p>\n<p style=\"text-align: justify\">\u00a0<\/p>\n<h6 style=\"text-align: justify\">Com informa\u00e7\u00f5es e foto da Coordena\u00e7\u00e3o de Catequese do regional Oeste 2<\/h6>\n","protected":false},"excerpt":{"rendered":"<p>Encontro foi promovido pelo regional Oeste 2 da CNBB<\/p>\n","protected":false},"author":83,"featured_media":6797,"comment_status":"open","ping_status":"open","sticky":false,"template":"","format":"standard","meta":{"site-sidebar-layout":"default","site-content-layout":"default","ast-global-header-display":"","ast-banner-title-visibility":"","ast-main-header-display":"","ast-hfb-above-header-display":"","ast-hfb-below-header-display":"","ast-hfb-mobile-header-display":"","site-post-title":"","ast-breadcrumbs-content":"","ast-featured-img":"","footer-sml-layout":"","theme-transparent-header-meta":"","adv-header-id-meta":"","stick-header-meta":"","header-above-stick-meta":"","header-main-stick-meta":"","header-below-stick-meta":""},"categories":[771,769],"tags":[],"acf":[],"_links":{"self":[{"href":"https:\/\/www.cnbb.org.br\/cnbb-app\/wp\/v2\/posts\/24595"}],"collection":[{"href":"https:\/\/www.cnbb.org.br\/cnbb-app\/wp\/v2\/posts"}],"about":[{"href":"https:\/\/www.cnbb.org.br\/cnbb-app\/wp\/v2\/types\/post"}],"author":[{"embeddable":true,"href":"https:\/\/www.cnbb.org.br\/cnbb-app\/wp\/v2\/users\/83"}],"replies":[{"embeddable":true,"href":"https:\/\/www.cnbb.org.br\/cnbb-app\/wp\/v2\/comments?post=24595"}],"version-history":[{"count":0,"href":"https:\/\/www.cnbb.org.br\/cnbb-app\/wp\/v2\/posts\/24595\/revisions"}],"wp:featuredmedia":[{"embeddable":true,"href":"https:\/\/www.cnbb.org.br\/cnbb-app\/wp\/v2\/media\/6797"}],"wp:attachment":[{"href":"https:\/\/www.cnbb.org.br\/cnbb-app\/wp\/v2\/media?parent=24595"}],"wp:term":[{"taxonomy":"category","embeddable":true,"href":"https:\/\/www.cnbb.org.br\/cnbb-app\/wp\/v2\/categories?post=24595"},{"taxonomy":"post_tag","embeddable":true,"href":"https:\/\/www.cnbb.org.br\/cnbb-app\/wp\/v2\/tags?post=24595"}],"curies":[{"name":"wp","href":"https:\/\/api.w.org\/{rel}","templated":true}]}}