{"id":24613,"date":"2010-01-13T00:00:00","date_gmt":"2010-01-13T02:00:00","guid":{"rendered":"https:\/\/www.cnbb.org.br\/nota-do-presidente-do-regional-sul-1-da-cnbb-por-ocasiao-da-morte-de-dra-zilda-arns\/"},"modified":"2010-01-13T00:00:00","modified_gmt":"2010-01-13T02:00:00","slug":"nota-do-presidente-do-regional-sul-1-da-cnbb-por-ocasiao-da-morte-de-dra-zilda-arns","status":"publish","type":"post","link":"https:\/\/www.cnbb.org.br\/nota-do-presidente-do-regional-sul-1-da-cnbb-por-ocasiao-da-morte-de-dra-zilda-arns\/","title":{"rendered":"Nota do Presidente do Regional Sul 1 da CNBB, por ocasi\u00e3o da morte de Dra. Zilda Arns"},"content":{"rendered":"<p style=\"text-align: justify\">Fiquei profundamente tocado com a not\u00edcia do falecimento da inesquec\u00edvel Dra. Zilda Arns Neumann, v\u00edtima do terremoto ocorrido no Haiti, no dia 12 \u00faltimo.<\/p>\n<p style=\"text-align: justify\">A Pastoral da Crian\u00e7a e a Pastoral da Pessoa Idosa sentir\u00e3o um grande vazio em sua caminhada. Por outro lado, temos a certeza de que, l\u00e1 do c\u00e9u, Dra. Zilda continuar\u00e1 a sua incompar\u00e1vel obra iniciada aqui na terra. Jamais se apagar\u00e1 da mem\u00f3ria nacional o bem inestim\u00e1vel idealizado por esta incans\u00e1vel e destemida mulher, que passou por<\/p>\n<p><!--more--><\/p>\n<p style=\"text-align: justify\">este mundo gastando a sua vida a servi\u00e7o dos \u201cpreferidos do Pai\u201d.<\/p>\n<p style=\"text-align: justify\">Seu jeito terno e amoroso, suas atitudes maternas, sua capacidade de organiza\u00e7\u00e3o e de lideran\u00e7a, s\u00e3o marcas que ficar\u00e3o para sempre nos cora\u00e7\u00f5es das pessoas que aprenderam a conhecer Dra. Zilda no dia-a-dia da sua a\u00e7\u00e3o social e caritativa.<\/p>\n<p style=\"text-align: justify\">Aproveitamos o ensejo para manifestar nossa solidariedade amiga e fraterna para com os queridos familiares: especialmente para com seu querido irm\u00e3o Cardeal Dom Paulo Evaristo Arns; com seus filhos Dr. Nelson, Rubens e Rog\u00e9rio, e com sua filha Helo\u00edsa, bem como com seus netos.<\/p>\n<p style=\"text-align: justify\">Lamentamos, outrossim, as numerosas mortes provocadas por esse terremoto. A solidariedade internacional e as nossas ora\u00e7\u00f5es levem conforto e esperan\u00e7a ao querido povo haitiano.<\/p>\n<p style=\"text-align: justify\">Confiantes, elevemos ao Senhor da Vida e da Hist\u00f3ria, uma silenciosa prece por todos os falecidos no Haiti.<br \/>\nNossa Senhora, M\u00e3e e Estrela da Esperan\u00e7a, seja nossa for\u00e7a e prote\u00e7\u00e3o nessa hora de dor.<\/p>\n<p>&nbsp;<\/p>\n<p style=\"text-align: center\"><strong>Dom Nelson Westrupp, scj <\/strong><br \/>\nBispo Diocesano de Santo Andr\u00e9<br \/>\nPresidente do Conselho Episcopal Regional Sul 1 &#8211; CNBB<\/p>\n","protected":false},"excerpt":{"rendered":"<p>Fiquei profundamente tocado com a not\u00edcia do falecimento da inesquec\u00edvel Dra. Zilda Arns Neumann, v\u00edtima do terremoto ocorrido no Haiti, no dia 12 \u00faltimo. A Pastoral da Crian\u00e7a e a Pastoral da Pessoa Idosa sentir\u00e3o um grande vazio em sua caminhada. Por outro lado, temos a certeza de que, l\u00e1 do c\u00e9u, Dra. Zilda continuar\u00e1 &hellip;<\/p>\n<p class=\"read-more\"> <a class=\"\" href=\"https:\/\/www.cnbb.org.br\/nota-do-presidente-do-regional-sul-1-da-cnbb-por-ocasiao-da-morte-de-dra-zilda-arns\/\"> <span class=\"screen-reader-text\">Nota do Presidente do Regional Sul 1 da CNBB, por ocasi\u00e3o da morte de Dra. Zilda Arns<\/span> Leia mais &raquo;<\/a><\/p>\n","protected":false},"author":83,"featured_media":0,"comment_status":"open","ping_status":"open","sticky":false,"template":"","format":"standard","meta":{"site-sidebar-layout":"default","site-content-layout":"default","ast-global-header-display":"","ast-banner-title-visibility":"","ast-main-header-display":"","ast-hfb-above-header-display":"","ast-hfb-below-header-display":"","ast-hfb-mobile-header-display":"","site-post-title":"","ast-breadcrumbs-content":"","ast-featured-img":"","footer-sml-layout":"","theme-transparent-header-meta":"","adv-header-id-meta":"","stick-header-meta":"","header-above-stick-meta":"","header-main-stick-meta":"","header-below-stick-meta":""},"categories":[769,772],"tags":[],"acf":[],"_links":{"self":[{"href":"https:\/\/www.cnbb.org.br\/cnbb-app\/wp\/v2\/posts\/24613"}],"collection":[{"href":"https:\/\/www.cnbb.org.br\/cnbb-app\/wp\/v2\/posts"}],"about":[{"href":"https:\/\/www.cnbb.org.br\/cnbb-app\/wp\/v2\/types\/post"}],"author":[{"embeddable":true,"href":"https:\/\/www.cnbb.org.br\/cnbb-app\/wp\/v2\/users\/83"}],"replies":[{"embeddable":true,"href":"https:\/\/www.cnbb.org.br\/cnbb-app\/wp\/v2\/comments?post=24613"}],"version-history":[{"count":0,"href":"https:\/\/www.cnbb.org.br\/cnbb-app\/wp\/v2\/posts\/24613\/revisions"}],"wp:attachment":[{"href":"https:\/\/www.cnbb.org.br\/cnbb-app\/wp\/v2\/media?parent=24613"}],"wp:term":[{"taxonomy":"category","embeddable":true,"href":"https:\/\/www.cnbb.org.br\/cnbb-app\/wp\/v2\/categories?post=24613"},{"taxonomy":"post_tag","embeddable":true,"href":"https:\/\/www.cnbb.org.br\/cnbb-app\/wp\/v2\/tags?post=24613"}],"curies":[{"name":"wp","href":"https:\/\/api.w.org\/{rel}","templated":true}]}}