{"id":24628,"date":"2009-10-28T00:00:00","date_gmt":"2009-10-28T02:00:00","guid":{"rendered":"https:\/\/www.cnbb.org.br\/nomeado-o-novo-bispo-auxiliar-para-a-arquidiocese-de-sao-paulo\/"},"modified":"2009-10-28T00:00:00","modified_gmt":"2009-10-28T02:00:00","slug":"nomeado-o-novo-bispo-auxiliar-para-a-arquidiocese-de-sao-paulo","status":"publish","type":"post","link":"https:\/\/www.cnbb.org.br\/nomeado-o-novo-bispo-auxiliar-para-a-arquidiocese-de-sao-paulo\/","title":{"rendered":"Nomeado o novo bispo auxiliar para a arquidiocese de S\u00e3o Paulo"},"content":{"rendered":"<p style=\"text-align: justify\">O papa Bento XVI nomeou nesta quarta-feira, 28, o padre Milton Kenan J\u00fanior, bispo auxiliar da arquidiocese de S\u00e3o Paulo (SP). A solicita\u00e7\u00e3o foi feita pelo arcebispo de S\u00e3o Paulo, cardeal Odilo Pedro Scherer, que a partir de agora contar\u00e1 com a colabora\u00e7\u00e3o de seis bispos auxiliares.<\/p>\n<p><!--more--><\/p>\n<p style=\"text-align: justify\">Padre Milton, 46, atualmente \u00e9 p\u00e1roco da par\u00f3quia Nossa Senhora Aparecida, em Bebedouro (SP), na diocese de Jaboticabal (SP). Concluiu o curso de filosofia no Centro de Estudos da arquidiocese de Ribeir\u00e3o Preto e teologia na Pontif\u00edcia Faculdade Nossa Senhora da Assun\u00e7\u00e3o, em S\u00e3o Paulo. Na Pontif\u00edcia Faculdade de Espiritualidade Teresianum, em Roma, fez o mestrado em Teologia Espiritual.<\/p>\n<p style=\"text-align: justify\">Entre outras atividades pastorais e acad\u00eamicas, padre Milton foi vig\u00e1rio paroquial nas par\u00f3quias de S\u00e3o Jo\u00e3o Batista e Nossa senhora Aparecida de Bebedouro, entre os anos de 1987 e 1995; vice-presidente da Comiss\u00e3o Regional de Presb\u00edteros (Sul 1) de 1990 a1994; diretor e professor do instituto de filosofia e teologia Nossa Senhora do Carmo, em Jaboticabal (2001 \u2013 2008) e p\u00e1roco da catedral diocesana de 2001 a 2008. Foi tamb\u00e9m coordenador de pastoral e vig\u00e1rio episcopal da diocese de Jaboticabal (1998-2001) e membro do Conselho Presbiteral e do Col\u00e9gio de Consultores.<\/p>\n","protected":false},"excerpt":{"rendered":"<p>O papa Bento XVI nomeou nesta quarta-feira, 28, o padre Milton Kenan J\u00fanior, bispo auxiliar da arquidiocese de S\u00e3o Paulo (SP). A solicita\u00e7\u00e3o foi feita pelo arcebispo de S\u00e3o Paulo, cardeal Odilo Pedro Scherer, que a partir de agora contar\u00e1 com a colabora\u00e7\u00e3o de seis bispos auxiliares.<\/p>\n","protected":false},"author":83,"featured_media":24629,"comment_status":"open","ping_status":"open","sticky":false,"template":"","format":"standard","meta":{"site-sidebar-layout":"default","site-content-layout":"default","ast-global-header-display":"","ast-banner-title-visibility":"","ast-main-header-display":"","ast-hfb-above-header-display":"","ast-hfb-below-header-display":"","ast-hfb-mobile-header-display":"","site-post-title":"","ast-breadcrumbs-content":"","ast-featured-img":"","footer-sml-layout":"","theme-transparent-header-meta":"","adv-header-id-meta":"","stick-header-meta":"","header-above-stick-meta":"","header-main-stick-meta":"","header-below-stick-meta":""},"categories":[769,772],"tags":[],"acf":[],"_links":{"self":[{"href":"https:\/\/www.cnbb.org.br\/cnbb-app\/wp\/v2\/posts\/24628"}],"collection":[{"href":"https:\/\/www.cnbb.org.br\/cnbb-app\/wp\/v2\/posts"}],"about":[{"href":"https:\/\/www.cnbb.org.br\/cnbb-app\/wp\/v2\/types\/post"}],"author":[{"embeddable":true,"href":"https:\/\/www.cnbb.org.br\/cnbb-app\/wp\/v2\/users\/83"}],"replies":[{"embeddable":true,"href":"https:\/\/www.cnbb.org.br\/cnbb-app\/wp\/v2\/comments?post=24628"}],"version-history":[{"count":0,"href":"https:\/\/www.cnbb.org.br\/cnbb-app\/wp\/v2\/posts\/24628\/revisions"}],"wp:featuredmedia":[{"embeddable":true,"href":"https:\/\/www.cnbb.org.br\/cnbb-app\/wp\/v2\/media\/24629"}],"wp:attachment":[{"href":"https:\/\/www.cnbb.org.br\/cnbb-app\/wp\/v2\/media?parent=24628"}],"wp:term":[{"taxonomy":"category","embeddable":true,"href":"https:\/\/www.cnbb.org.br\/cnbb-app\/wp\/v2\/categories?post=24628"},{"taxonomy":"post_tag","embeddable":true,"href":"https:\/\/www.cnbb.org.br\/cnbb-app\/wp\/v2\/tags?post=24628"}],"curies":[{"name":"wp","href":"https:\/\/api.w.org\/{rel}","templated":true}]}}