{"id":24655,"date":"2010-03-15T00:00:00","date_gmt":"2010-03-15T03:00:00","guid":{"rendered":"https:\/\/www.cnbb.org.br\/dom-edmar-peron-toma-posse-como-bispo-auxiliar-em-sao-paulo\/"},"modified":"2010-03-15T00:00:00","modified_gmt":"2010-03-15T03:00:00","slug":"dom-edmar-peron-toma-posse-como-bispo-auxiliar-em-sao-paulo","status":"publish","type":"post","link":"https:\/\/www.cnbb.org.br\/dom-edmar-peron-toma-posse-como-bispo-auxiliar-em-sao-paulo\/","title":{"rendered":"Dom Edmar Peron toma posse como bispo auxiliar em S\u00e3o Paulo"},"content":{"rendered":"<p style=\"text-align: justify\">\u201cMeu lugar ser\u00e1 junto ao trabalho das comunidades, no meio do povo e dos padres\u201d, afirmou dom Edmar Peron, antes do fim da celebra\u00e7\u00e3o em que tomou posse como bispo auxiliar da arquidiocese de S\u00e3o Paulo, neste domingo, 14, na Catedral da S\u00e9, em S\u00e3o Paulo.<\/p>\n<p>  <!--more-->  <\/p>\n<p style=\"text-align: justify\">Presidida pelo cardeal dom Odilo Pedro Scherer, a Santa Missa contou com a participa\u00e7\u00e3o de muitas pessoas da Regi\u00e3o Episcopal Bel\u00e9m, onde dom Edmar ir\u00e1 exercer seu minist\u00e9rio.<\/p>\n<p style=\"text-align: justify\">Um \u00f4nibus com familiares e amigos do bispo veio da cidade natal dele, Maring\u00e1 (PR), para acompanhar o momento. No ritual de posse, ap\u00f3s a leitura da bula pontif\u00edcia e do decreto de dom Edmar para Bel\u00e9m, dom Odilo falou sobre a import\u00e2ncia do trabalho do bispo, \u201cprimeiro mission\u00e1rio\u201d.<\/p>\n<p style=\"text-align: justify\">O cardeal aproveitou a ocasi\u00e3o para agradecer ao papa Bento XVI pela rapidez em enviar o sucessor de dom Pedro Luiz Stringhini, que foi transferido para Franca (SP).<\/p>\n<p style=\"text-align: justify\">Ap\u00f3s a comunh\u00e3o, em nome do clero do Bel\u00e9m, c\u00f4nego C\u00e9sar Gobbo acolheu dom Edmar. Segundo o vig\u00e1rio geral da Regi\u00e3o Bel\u00e9m, a alegria de dom Edmar demonstra \u201cconfian\u00e7a, ternura e disponibilidade para servir\u201d.<\/p>\n<p style=\"text-align: justify\">Representantes do clero, dos religiosos e dos leigos presentearam o bispo com livros sobre a hist\u00f3ria da arquidiocese, do centen\u00e1rio e do ap\u00f3stolo S\u00e3o Paulo.<\/p>\n<p style=\"text-align: justify\">A apresenta\u00e7\u00e3o do novo bispo auxiliar na Regi\u00e3o Episcopal Bel\u00e9m ser\u00e1 na pr\u00f3xima quinta-feira, 18, \u00e0s 20h, na par\u00f3quia Nossa Senhora de Lourdes (rua Jo\u00e3o Soares, 13 \u2013 \u00c1gua Rasa).<\/p>\n","protected":false},"excerpt":{"rendered":"<p>\u201cMeu lugar ser\u00e1 junto ao trabalho das comunidades, no meio do povo e dos padres\u201d, afirmou dom Edmar Peron, antes do fim da celebra\u00e7\u00e3o em que tomou posse como bispo auxiliar da arquidiocese de S\u00e3o Paulo, neste domingo, 14, na Catedral da S\u00e9, em S\u00e3o Paulo.<\/p>\n","protected":false},"author":83,"featured_media":24656,"comment_status":"open","ping_status":"open","sticky":false,"template":"","format":"standard","meta":{"site-sidebar-layout":"default","site-content-layout":"default","ast-global-header-display":"","ast-banner-title-visibility":"","ast-main-header-display":"","ast-hfb-above-header-display":"","ast-hfb-below-header-display":"","ast-hfb-mobile-header-display":"","site-post-title":"","ast-breadcrumbs-content":"","ast-featured-img":"","footer-sml-layout":"","theme-transparent-header-meta":"","adv-header-id-meta":"","stick-header-meta":"","header-above-stick-meta":"","header-main-stick-meta":"","header-below-stick-meta":""},"categories":[769,772],"tags":[],"acf":[],"_links":{"self":[{"href":"https:\/\/www.cnbb.org.br\/cnbb-app\/wp\/v2\/posts\/24655"}],"collection":[{"href":"https:\/\/www.cnbb.org.br\/cnbb-app\/wp\/v2\/posts"}],"about":[{"href":"https:\/\/www.cnbb.org.br\/cnbb-app\/wp\/v2\/types\/post"}],"author":[{"embeddable":true,"href":"https:\/\/www.cnbb.org.br\/cnbb-app\/wp\/v2\/users\/83"}],"replies":[{"embeddable":true,"href":"https:\/\/www.cnbb.org.br\/cnbb-app\/wp\/v2\/comments?post=24655"}],"version-history":[{"count":0,"href":"https:\/\/www.cnbb.org.br\/cnbb-app\/wp\/v2\/posts\/24655\/revisions"}],"wp:featuredmedia":[{"embeddable":true,"href":"https:\/\/www.cnbb.org.br\/cnbb-app\/wp\/v2\/media\/24656"}],"wp:attachment":[{"href":"https:\/\/www.cnbb.org.br\/cnbb-app\/wp\/v2\/media?parent=24655"}],"wp:term":[{"taxonomy":"category","embeddable":true,"href":"https:\/\/www.cnbb.org.br\/cnbb-app\/wp\/v2\/categories?post=24655"},{"taxonomy":"post_tag","embeddable":true,"href":"https:\/\/www.cnbb.org.br\/cnbb-app\/wp\/v2\/tags?post=24655"}],"curies":[{"name":"wp","href":"https:\/\/api.w.org\/{rel}","templated":true}]}}