{"id":247012,"date":"2020-08-17T12:05:06","date_gmt":"2020-08-17T15:05:06","guid":{"rendered":"https:\/\/www.cnbb.org.br\/?p=244561"},"modified":"2020-09-08T13:51:38","modified_gmt":"2020-09-08T16:51:38","slug":"solenidade-da-assuncao-de-nossa-senhora","status":"publish","type":"post","link":"https:\/\/www.cnbb.org.br\/solenidade-da-assuncao-de-nossa-senhora\/","title":{"rendered":"Solenidade da Assun\u00e7\u00e3o de Nossa Senhora"},"content":{"rendered":"<p style=\"text-align: right\"><strong>Dom Eurico dos Santos Veloso<br \/>\n<\/strong><strong>Arcebispo Em\u00e9rito de Juiz de Fora (MG)<\/strong><\/p>\n<p style=\"text-align: justify\"><strong>\u00a0<\/strong><\/p>\n<p style=\"text-align: justify\"><em>\u201cQuem \u00e9 esta que avan\u00e7a como a aurora, formosa como a lua, brilhante como o sol, terr\u00edvel como o ex\u00e9rcito em ordem de batalha?\u201d<\/em><\/p>\n<p style=\"text-align: justify\">Na Liturgia deste domingo, celebramos a Solenidade da Assun\u00e7\u00e3o de Nossa Senhora, proclamado dogma de f\u00e9, afinal, assim definido pelo Papa Pio XII, em 1950, atrav\u00e9s da Constitui\u00e7\u00e3o Apost\u00f3lica Munificentissimus Deus: <em>\u201cA Imaculada M\u00e3e de Deus, a sempre Virgem Maria, terminado o curso da vida terrestre foi assunta em corpo e alma \u00e0 gl\u00f3ria celestial\u201d. <\/em>(cf. <a href=\"https:\/\/santo.cancaonova.com\/santo\/assuncao-de-nossa-senhora-mae-de-deus\/\" target=\"_blank\" rel=\"noopener\">https:\/\/santo.cancaonova.com\/santo\/assuncao-de-nossa-senhora-mae-de-deus\/<\/a> &#8211; acesso em 15 de ago de 2020).<\/p>\n<p style=\"text-align: justify\">A Primeira Leitura, extra\u00edda do Livro do Apocalipse de S\u00e3o Jo\u00e3o (Ap 11, 19a; 12,1-6a.10ab), nos traz uma dualidade de interpreta\u00e7\u00e3o deste bel\u00edssimo texto, em que primeira interpreta\u00e7\u00e3o traz o nascimento da Igreja, com a centralidade o Cristo, o Filho; as doze estrelas, os ap\u00f3stolos; a mulher, a Igreja Primitiva; e o drag\u00e3o que simboliza a persegui\u00e7\u00e3o dos primeiros crist\u00e3os. Fato \u00e9, que o autor sagrado traz este texto como sinal de esperan\u00e7a para todos, principalmente, para aqueles que iniciaram o caminho da Igreja e para n\u00f3s que continuamos a vivenciar este caminho. A segunda interpreta\u00e7\u00e3o \u00e9 voltada para a figura da Virgem Maria, a Nova Arca da Alian\u00e7a, o Primeiro Tabern\u00e1culo, vivenciou as \u201cdores\u201d da persegui\u00e7\u00e3o ao seu Filho, Jesus. Mas nunca deixou de ser o sinal de Esperan\u00e7a e Confia nos planos de Deus, afinal sempre tinha consigo no cora\u00e7\u00e3o: \u201c<em>Agora realizou-se a salva\u00e7\u00e3o, a for\u00e7a e a realeza do nosso Deus, e o poder do seu Cristo\u201d <\/em>(cf. Ap 12,10b)<em>.<\/em><\/p>\n<p style=\"text-align: justify\">Ora, desde o sim de Maria Sant\u00edssima, seus atos s\u00e3o voltados inteiramente para a cumprimento da Palavra de Deus em nosso meio. Assim, como o retratado no Evangelho de Lucas (Lc 1,39-56), Maria coloca-se a servi\u00e7o, mesmo gr\u00e1vida, e \u00e9 reconhecida a tamanha nobreza de sua miss\u00e3o pela sua prima Isabel: <em>&#8220;Bendita \u00e9s tu entre as mulheres e bendito \u00e9 o fruto do teu ventre!&#8221; <\/em>(cf. Lc 1,42b). Afinal, com o SIM de Maria, a Salva\u00e7\u00e3o veio ao nosso meio e trouxe a Nova Alian\u00e7a ao seu povo eleito, nas palavras da pr\u00f3pria M\u00e3e de Deus: <em>\u201cSeu amor, de gera\u00e7\u00e3o em gera\u00e7\u00e3o, chega a todos que o respeitam. Demonstrou o poder de seu bra\u00e7o, dispersou os orgulhosos. Derrubou os poderosos de seus tronos e os humildes exaltou. De bens saciou os famintos despediu, sem nada, os ricos. Acolheu Israel, seu servidor, fiel ao seu amor, como havia prometido aos nossos pais, em favor de Abra\u00e3o e de seus filhos, para sempre\u201d <\/em>(cf. Lc 1,50-55).<\/p>\n<p style=\"text-align: justify\">E a Filha de Si\u00e3o que coparticipa do plano de Salva\u00e7\u00e3o ser\u00e1 chamada por todas as gera\u00e7\u00f5es como bendita, afinal Deus fez dela a M\u00e3e de todas as na\u00e7\u00f5es e deu a coroa de Rainha do C\u00e9u e da Terra: \u201c<em>\u00c0 vossa direita se encontra a rainha, com veste esplendente de ouro de Ofir\u201d <\/em>(cf. Sl 44).<\/p>\n<p style=\"text-align: justify\">Enfim, que possamos seguir o exemplo de Maria, <em>Torre de David<\/em>, em confiar inteiramente nos planos de Deus! E que a <em>Porta do C\u00e9u, <\/em>Nossa Senhora, seja a nossa Consoladora em todos os momentos de nossa vida!<\/p>\n<p style=\"text-align: justify\"><em>\u201c\u00d3 M\u00e3e sant\u00edssima, me leva a Deus. E pra sempre exultarei com cantos. Tenros de louvor, buscando a salva\u00e7\u00e3o. E nessa hora que eu te rogo aqui. Dentro em meu peito esta vontade. De te conhecer, Maria tu que \u00e9s Porta do C\u00e9u\u201d<\/em><\/p>\n<p style=\"text-align: justify\"><em>Sauda\u00e7\u00f5es em Cristo!\u00a0\u00a0\u00a0 <\/em><\/p>\n<p><strong>\u00a0<\/strong><\/p>\n<p>&nbsp;    \t<\/p>\n","protected":false},"excerpt":{"rendered":"<p>Dom Eurico dos Santos Veloso Arcebispo Em\u00e9rito de Juiz de Fora (MG) \u00a0 \u201cQuem \u00e9 esta que avan\u00e7a como a aurora, formosa como a lua, brilhante como o sol, terr\u00edvel como o ex\u00e9rcito em ordem de batalha?\u201d Na Liturgia deste domingo, celebramos a Solenidade da Assun\u00e7\u00e3o de Nossa Senhora, proclamado dogma de f\u00e9, afinal, assim &hellip;<\/p>\n<p class=\"read-more\"> <a class=\"\" href=\"https:\/\/www.cnbb.org.br\/solenidade-da-assuncao-de-nossa-senhora\/\"> <span class=\"screen-reader-text\">Solenidade da Assun\u00e7\u00e3o de Nossa Senhora<\/span> Leia mais &raquo;<\/a><\/p>\n","protected":false},"author":73,"featured_media":0,"comment_status":"closed","ping_status":"open","sticky":false,"template":"","format":"standard","meta":{"site-sidebar-layout":"default","site-content-layout":"default","ast-global-header-display":"","ast-banner-title-visibility":"","ast-main-header-display":"","ast-hfb-above-header-display":"","ast-hfb-below-header-display":"","ast-hfb-mobile-header-display":"","site-post-title":"","ast-breadcrumbs-content":"","ast-featured-img":"","footer-sml-layout":"","theme-transparent-header-meta":"","adv-header-id-meta":"","stick-header-meta":"","header-above-stick-meta":"","header-main-stick-meta":"","header-below-stick-meta":""},"categories":[758],"tags":[],"acf":[],"_links":{"self":[{"href":"https:\/\/www.cnbb.org.br\/cnbb-app\/wp\/v2\/posts\/247012"}],"collection":[{"href":"https:\/\/www.cnbb.org.br\/cnbb-app\/wp\/v2\/posts"}],"about":[{"href":"https:\/\/www.cnbb.org.br\/cnbb-app\/wp\/v2\/types\/post"}],"author":[{"embeddable":true,"href":"https:\/\/www.cnbb.org.br\/cnbb-app\/wp\/v2\/users\/73"}],"replies":[{"embeddable":true,"href":"https:\/\/www.cnbb.org.br\/cnbb-app\/wp\/v2\/comments?post=247012"}],"version-history":[{"count":0,"href":"https:\/\/www.cnbb.org.br\/cnbb-app\/wp\/v2\/posts\/247012\/revisions"}],"wp:attachment":[{"href":"https:\/\/www.cnbb.org.br\/cnbb-app\/wp\/v2\/media?parent=247012"}],"wp:term":[{"taxonomy":"category","embeddable":true,"href":"https:\/\/www.cnbb.org.br\/cnbb-app\/wp\/v2\/categories?post=247012"},{"taxonomy":"post_tag","embeddable":true,"href":"https:\/\/www.cnbb.org.br\/cnbb-app\/wp\/v2\/tags?post=247012"}],"curies":[{"name":"wp","href":"https:\/\/api.w.org\/{rel}","templated":true}]}}