{"id":247014,"date":"2020-08-22T11:41:36","date_gmt":"2020-08-22T14:41:36","guid":{"rendered":"https:\/\/www.cnbb.org.br\/?p=245128"},"modified":"2020-09-08T13:51:20","modified_gmt":"2020-09-08T16:51:20","slug":"dia-do-leigo","status":"publish","type":"post","link":"https:\/\/www.cnbb.org.br\/dia-do-leigo\/","title":{"rendered":"Dia do Leigo"},"content":{"rendered":"<p style=\"text-align: right\"><strong>Dom Eurico dos Santos Veloso<br \/>\n<\/strong><strong>Arcebispo Em\u00e9rito de Juiz de Fora (MG)<\/strong><\/p>\n<p style=\"text-align: justify\"><strong>\u00a0<\/strong><\/p>\n<p style=\"text-align: justify\"><em>\u201cOs leigos est\u00e3o na linha de frente da vida da Igreja. Necessitamos de seu testemunho sobre a verdade do Evangelho e de seu exemplo ao expressar sua f\u00e9 com a pr\u00e1tica da solidariedade\u201d(Papa Francisco)<\/em><\/p>\n<p style=\"text-align: justify\"><em>\u00a0\u00a0\u00a0\u00a0\u00a0\u00a0\u00a0\u00a0 <\/em><\/p>\n<p style=\"text-align: justify\">Ao continuar este m\u00eas de agosto institu\u00eddo desde 1981, pela Confer\u00eancia Nacional dos Bispos do Brasil (CNBB), como o m\u00eas Vocacional, onde \u00e9 dedicado todos os dias deste m\u00eas \u00e0 ora\u00e7\u00e3o, reflex\u00e3o e a\u00e7\u00f5es das comunidades direcionado aos temas vocacionais, nesta quarta semana, dedicamos nossas ora\u00e7\u00f5es para a Voca\u00e7\u00e3o \u00a0\u00a0 dos Crist\u00e3os-Leigos: <em>\u201cOs leigos s\u00e3o todos os batizados, \u00e9 o povo de Deus. S\u00e3o os fi\u00e9is que participam do minist\u00e9rio comum da vida de Jesus pela gra\u00e7a do batismo (&#8230;)s\u00e3o pessoas de bem que colaboram na constru\u00e7\u00e3o de uma sociedade justa e fraterna e que s\u00e3o convocados tamb\u00e9m a participar e construir esse reino a que Jesus veio implantar\u201d<\/em>(Dom Severino Clasen \u2013 Arcebispo de Maring\u00e1)<em>.<\/em><\/p>\n<p style=\"text-align: justify\">\u201cUma vez que, como todos os fi\u00e9is, por meio do batismo e da confirma\u00e7\u00e3o, s\u00e3o destinados por Deus ao apostolado, os leigos, individualmente ou reunidos em associa\u00e7\u00f5es, t\u00eam obriga\u00e7\u00e3o geral e gozam do direito de trabalhar \u00a0para que o an\u00fancio divino da salva\u00e7\u00e3o seja conhecido e aceito por todos os homens, em todo o mundo; esta obriga\u00e7\u00e3o \u00e9 tanto mais urgente naquelas circunst\u00e2ncias em que somente atrav\u00e9s deles as comunidades podem ouvir o Evangelho e conhecer a Cristo.<\/p>\n<p style=\"text-align: justify\">Necessitamos de um novo Pentecostes (At 2,1-4) dentro do cora\u00e7\u00e3o de cada um, para que, impregnando o mundo com o esp\u00edrito crist\u00e3o, possa bendizer e retribuir com muita alegria e esplendor, todas as gra\u00e7as recebidas do alto, compartilhando-as fraternalmente em grandes atos de caridade [amor pleno ao pr\u00f3ximo], diante das miss\u00f5es pastorais que, em caminhada, representam a imagem de Jesus Cristo \u2013 a Pedra Angular que sustenta fielmente a edifica\u00e7\u00e3o do projeto de Deus para todo seu povo amado (1Pd 2,6-8).<\/p>\n<p style=\"text-align: justify\">Depois da celebra\u00e7\u00e3o do Conc\u00edlio Ecum\u00eanico Vaticano II, em 1965, a Igreja Cat\u00f3lica se esfor\u00e7ou para deixar mais claro o papel dos leigos, que t\u00eam sido fundamental desde os primeiros s\u00e9culos. \u201cOs leigos encontram-se na linha mais avan\u00e7ada da vida da Igreja\u201d, enfatiza Francisco. \u201cDemos gra\u00e7as pelos leigos que arriscam, que n\u00e3o t\u00eam medo e que oferecem raz\u00f5es de esperan\u00e7a aos mais pobres, exclu\u00eddos e marginalizados\u201d.<\/p>\n<p style=\"text-align: justify\">Ora, a miss\u00e3o dos Leigos \u00e9 colaborar nas quatro dimens\u00f5es tradicionais da Igreja: a caridade, a comunh\u00e3o, a evangeliza\u00e7\u00e3o e a liturgia. Tudo isto vinculado ao servi\u00e7o dos desafios do mundo atual, sendo \u201csal da terra, luz no mundo e fermento da massa\u201d. <em>\u201cMuitas vezes, pensamos que os sacerdotes s\u00e3o os respons\u00e1veis por impulsionar a miss\u00e3o da Igreja. No entanto, s\u00e3o os leigos que est\u00e3o no cora\u00e7\u00e3o do mundo e os que t\u00eam um papel chave para transformar a sociedade\u201d<\/em> (Pe. Fr\u00e9d\u00e9ric Fornos, SJ, diretor internacional da Rede Mundial de Ora\u00e7\u00e3o do Papa e do Movimento Eucar\u00edstico Juvenil)<\/p>\n<p style=\"text-align: justify\">Rezemos para que Deus suscite gra\u00e7as a todos os leigos, a fim de que continuem sua miss\u00e3o de levar a Palavra do Reino em qualquer oportunidade de ser sal da terra e luz do mundo na vida cotidiana e nos desafios que possam vivenciar no testemunho da miss\u00e3o.<\/p>\n<p style=\"text-align: justify\"><em>Sauda\u00e7\u00f5es em Cristo!<\/em><\/p>\n<p>&nbsp;    \t<\/p>\n","protected":false},"excerpt":{"rendered":"<p>Dom Eurico dos Santos Veloso Arcebispo Em\u00e9rito de Juiz de Fora (MG) \u00a0 \u201cOs leigos est\u00e3o na linha de frente da vida da Igreja. Necessitamos de seu testemunho sobre a verdade do Evangelho e de seu exemplo ao expressar sua f\u00e9 com a pr\u00e1tica da solidariedade\u201d(Papa Francisco) \u00a0\u00a0\u00a0\u00a0\u00a0\u00a0\u00a0\u00a0 Ao continuar este m\u00eas de agosto institu\u00eddo &hellip;<\/p>\n<p class=\"read-more\"> <a class=\"\" href=\"https:\/\/www.cnbb.org.br\/dia-do-leigo\/\"> <span class=\"screen-reader-text\">Dia do Leigo<\/span> Leia mais &raquo;<\/a><\/p>\n","protected":false},"author":73,"featured_media":0,"comment_status":"closed","ping_status":"open","sticky":false,"template":"","format":"standard","meta":{"site-sidebar-layout":"default","site-content-layout":"default","ast-global-header-display":"","ast-banner-title-visibility":"","ast-main-header-display":"","ast-hfb-above-header-display":"","ast-hfb-below-header-display":"","ast-hfb-mobile-header-display":"","site-post-title":"","ast-breadcrumbs-content":"","ast-featured-img":"","footer-sml-layout":"","theme-transparent-header-meta":"","adv-header-id-meta":"","stick-header-meta":"","header-above-stick-meta":"","header-main-stick-meta":"","header-below-stick-meta":""},"categories":[758],"tags":[],"acf":[],"_links":{"self":[{"href":"https:\/\/www.cnbb.org.br\/cnbb-app\/wp\/v2\/posts\/247014"}],"collection":[{"href":"https:\/\/www.cnbb.org.br\/cnbb-app\/wp\/v2\/posts"}],"about":[{"href":"https:\/\/www.cnbb.org.br\/cnbb-app\/wp\/v2\/types\/post"}],"author":[{"embeddable":true,"href":"https:\/\/www.cnbb.org.br\/cnbb-app\/wp\/v2\/users\/73"}],"replies":[{"embeddable":true,"href":"https:\/\/www.cnbb.org.br\/cnbb-app\/wp\/v2\/comments?post=247014"}],"version-history":[{"count":0,"href":"https:\/\/www.cnbb.org.br\/cnbb-app\/wp\/v2\/posts\/247014\/revisions"}],"wp:attachment":[{"href":"https:\/\/www.cnbb.org.br\/cnbb-app\/wp\/v2\/media?parent=247014"}],"wp:term":[{"taxonomy":"category","embeddable":true,"href":"https:\/\/www.cnbb.org.br\/cnbb-app\/wp\/v2\/categories?post=247014"},{"taxonomy":"post_tag","embeddable":true,"href":"https:\/\/www.cnbb.org.br\/cnbb-app\/wp\/v2\/tags?post=247014"}],"curies":[{"name":"wp","href":"https:\/\/api.w.org\/{rel}","templated":true}]}}