{"id":247125,"date":"2020-09-01T10:46:24","date_gmt":"2020-09-01T13:46:24","guid":{"rendered":"https:\/\/www.cnbb.org.br\/?p=245392"},"modified":"2020-09-01T10:46:24","modified_gmt":"2020-09-01T13:46:24","slug":"dom-walmor-incentiva-celebracoes-eucaristicas-deste-1o-de-setembro-com-a-intencao-pelo-cuidado-da-criacao","status":"publish","type":"post","link":"https:\/\/www.cnbb.org.br\/dom-walmor-incentiva-celebracoes-eucaristicas-deste-1o-de-setembro-com-a-intencao-pelo-cuidado-da-criacao\/","title":{"rendered":"Dom Walmor incentiva celebra\u00e7\u00f5es eucar\u00edsticas neste 1\u00ba de setembro com a inten\u00e7\u00e3o pelo cuidado da cria\u00e7\u00e3o"},"content":{"rendered":"<p style=\"text-align: justify\">A Igreja Cat\u00f3lica, junto com outras comunidades crist\u00e3s, celebra em 1\u00ba de setembro o Dia Mundial de Ora\u00e7\u00e3o pelo Cuidado da Cria\u00e7\u00e3o. A data abre o Tempo da Cria\u00e7\u00e3o, per\u00edodo dedicado a diversas atividades na perspectiva da ecologia integral. O arcebispo de Belo Horizonte (MG) e presidente da Confer\u00eancia Nacional dos Bispos do Brasil (CNBB), dom Walmor Oliveira de Azevedo, divulgou v\u00eddeo nesta ter\u00e7a-feira refor\u00e7ando a necessidade de mudan\u00e7as de h\u00e1bitos na dire\u00e7\u00e3o de uma ecologia integral e convidando para que sejam dedicadas as celebra\u00e7\u00f5es eucar\u00edsticas deste dia na inten\u00e7\u00e3o pelo cuidado da cria\u00e7\u00e3o.<\/p>\n<p style=\"text-align: justify\">&#8220;Que tipo de mundo queremos deixar para quem vai nos suceder?&#8221;, questiona dom Walmor, recordando as ideias centrais da enc\u00edclica Laudato Si&#8217; &#8211; sobre o cuidado da Casa Comum, escrita pelo Papa Francisco. Para dom Walmor, a &#8220;prof\u00e9tica convic\u00e7\u00e3o&#8221; para que a humanidade siga na dire\u00e7\u00e3o de uma ecologia integral significa &#8220;n\u00e3o s\u00f3 reconhecer a interdepend\u00eancia existente entre todos os seres vivos do planeta, mas dar alma nova, realmar, a desgastada rela\u00e7\u00e3o do homem com a cria\u00e7\u00e3o, como afirma nosso amado Papa Francisco&#8221;.<\/p>\n<blockquote>\n<p style=\"text-align: justify\">O presidente da CNBB motivou: &#8220;<em>Vamos todos dedicar nossas celebra\u00e7\u00f5es eucar\u00edsticas, marcando esse primeiro dia de setembro, tamb\u00e9m um m\u00eas de primavera para n\u00f3s, a este Tempo da Cria\u00e7\u00e3o<\/em>&#8220;.<\/p>\n<\/blockquote>\n<p style=\"text-align: justify\">Neste momento da hist\u00f3ria, continuou, &#8220;t\u00e3o desafiador para a humanidade, todos somos chamados a refletir sobre a necessidade de cultivar novos h\u00e1bitos com disciplina, caminho para transformarmos a sociedade tornado-a melhor, justa e solid\u00e1ria&#8221;.<\/p>\n<p style=\"text-align: justify\">Recordando a pandemia do novo coronav\u00edrus, as crises, trag\u00e9dias e os crimes, como os socioambientais de Mariana (MG) e Brumadinho (MG), dom Walmor afirma que s\u00e3o sinais de que &#8220;precisamos urgentemente mudar&#8221;. &#8220;\u00c9 dever crist\u00e3o buscar novos h\u00e1bitos e modelos econ\u00f4micos capazes de conciliar o consumo e o progresso com a preserva\u00e7\u00e3o dos recursos naturais. A preserva\u00e7\u00e3o da vida exige que todos sigam juntos no mesmo caminho&#8221;, afirma.<\/p>\n<p style=\"text-align: justify\">O presidente da CNBB deseja ainda que este per\u00edodo seja &#8220;oportunidade para cada pessoa renovar o compromisso de trabalhar para constru\u00e7\u00e3o de um tempo novo, de mais harmonia no planeta&#8221;.<\/p>\n<p style=\"text-align: justify\">Veja o v\u00eddeo:<\/p>\n<div style=\"width: 854px;\" class=\"wp-video\"><!--[if lt IE 9]><script>document.createElement('video');<\/script><![endif]-->\n<video class=\"wp-video-shortcode\" id=\"video-247125-1\" width=\"854\" height=\"480\" preload=\"metadata\" controls=\"controls\"><source type=\"video\/mp4\" src=\"https:\/\/www.cnbb.org.br\/wp-content\/uploads\/2020\/09\/Dom-Walmor-Dia-de-Oracao-pelo-Cuidado-da-Criacao.mp4?_=1\" \/><a href=\"https:\/\/www.cnbb.org.br\/wp-content\/uploads\/2020\/09\/Dom-Walmor-Dia-de-Oracao-pelo-Cuidado-da-Criacao.mp4\">https:\/\/www.cnbb.org.br\/wp-content\/uploads\/2020\/09\/Dom-Walmor-Dia-de-Oracao-pelo-Cuidado-da-Criacao.mp4<\/a><\/video><\/div>\n","protected":false},"excerpt":{"rendered":"<p>&#8220;Convido voc\u00ea a se unir ao Papa Francisco e a dedicar suas a\u00e7\u00f5es ao cuidado com a casa comum&#8221;, motivou o presidente da CNBB abrindo o Tempo da Cria\u00e7\u00e3o, iniciado hoje na Igreja em todo mundo e que segue at\u00e9 4 de outubro, dia de S\u00e3o Francisco de Assis<\/p>\n","protected":false},"author":83,"featured_media":243900,"comment_status":"closed","ping_status":"open","sticky":false,"template":"","format":"standard","meta":{"site-sidebar-layout":"default","site-content-layout":"default","ast-global-header-display":"","ast-banner-title-visibility":"","ast-main-header-display":"","ast-hfb-above-header-display":"","ast-hfb-below-header-display":"","ast-hfb-mobile-header-display":"","site-post-title":"","ast-breadcrumbs-content":"","ast-featured-img":"","footer-sml-layout":"","theme-transparent-header-meta":"","adv-header-id-meta":"","stick-header-meta":"","header-above-stick-meta":"","header-main-stick-meta":"","header-below-stick-meta":""},"categories":[797],"tags":[2794,2143,1199,2795],"acf":[],"_links":{"self":[{"href":"https:\/\/www.cnbb.org.br\/cnbb-app\/wp\/v2\/posts\/247125"}],"collection":[{"href":"https:\/\/www.cnbb.org.br\/cnbb-app\/wp\/v2\/posts"}],"about":[{"href":"https:\/\/www.cnbb.org.br\/cnbb-app\/wp\/v2\/types\/post"}],"author":[{"embeddable":true,"href":"https:\/\/www.cnbb.org.br\/cnbb-app\/wp\/v2\/users\/83"}],"replies":[{"embeddable":true,"href":"https:\/\/www.cnbb.org.br\/cnbb-app\/wp\/v2\/comments?post=247125"}],"version-history":[{"count":0,"href":"https:\/\/www.cnbb.org.br\/cnbb-app\/wp\/v2\/posts\/247125\/revisions"}],"wp:featuredmedia":[{"embeddable":true,"href":"https:\/\/www.cnbb.org.br\/cnbb-app\/wp\/v2\/media\/243900"}],"wp:attachment":[{"href":"https:\/\/www.cnbb.org.br\/cnbb-app\/wp\/v2\/media?parent=247125"}],"wp:term":[{"taxonomy":"category","embeddable":true,"href":"https:\/\/www.cnbb.org.br\/cnbb-app\/wp\/v2\/categories?post=247125"},{"taxonomy":"post_tag","embeddable":true,"href":"https:\/\/www.cnbb.org.br\/cnbb-app\/wp\/v2\/tags?post=247125"}],"curies":[{"name":"wp","href":"https:\/\/api.w.org\/{rel}","templated":true}]}}