{"id":247353,"date":"2020-09-04T10:35:00","date_gmt":"2020-09-04T13:35:00","guid":{"rendered":"https:\/\/www.cnbb.org.br\/?p=247353"},"modified":"2020-09-04T10:35:54","modified_gmt":"2020-09-04T13:35:54","slug":"que-a-palavra-de-deus-fale-ao-teu-coracao","status":"publish","type":"post","link":"https:\/\/www.cnbb.org.br\/que-a-palavra-de-deus-fale-ao-teu-coracao\/","title":{"rendered":"Que a Palavra de Deus fale ao teu cora\u00e7\u00e3o"},"content":{"rendered":"<p style=\"text-align: right;\"><b>Dom Jos\u00e9 Gislon<br \/>\nBispo de Caxias do Sul<\/b><\/p>\n<p style=\"text-align: justify;\"><strong>\u00a0<\/strong><\/p>\n<p style=\"text-align: justify;\">Estamos iniciando o m\u00eas de setembro, que tamb\u00e9m \u00e9 dedicado \u00e0 B\u00edblia, sem esquecermos que a Palavra de Deus foi revelada a todos n\u00f3s como caminho de vida e salva\u00e7\u00e3o. Outro motivo particular \u00e9 o dia da P\u00e1tria, ou seja, o dia de recordarmos nossa condi\u00e7\u00e3o de cidad\u00e3os deste imenso pa\u00eds, e manifestarmos gratid\u00e3o a Deus por termos uma P\u00e1tria para chamarmos de nossa, mesmo tendo presente todas as mazelas sociais e a falta de pol\u00edticas p\u00fablicas duradouras, que promovam a inclus\u00e3o social de milh\u00f5es de brasileiros, relegados ao estado de abandono ou semi-abandono, nas necessidades b\u00e1sicas da vida.<\/p>\n<p style=\"text-align: justify;\">No M\u00eas da B\u00edblia, diante do contexto hist\u00f3rico que estamos vivendo, mais do que falar da Palavra de Deus, dever\u00edamos deixar a Palavra falar ao nosso cora\u00e7\u00e3o de filhos e filhas, amados do Pai, para podermos ser curados da pandemia da indiferen\u00e7a, do relativismo, do pouco apre\u00e7o pelo dom da vida, n\u00e3o s\u00f3 em rela\u00e7\u00e3o \u00e0 pandemia do COVID19, que seguramente seguir\u00e1 seu ciclo e deixar\u00e1 um legado de perdas e dor no cora\u00e7\u00e3o de milhares de pessoas e fam\u00edlias, e tamb\u00e9m na nossa sociedade brasileira.<\/p>\n<p style=\"text-align: justify;\">O pouco apre\u00e7o pelo dom da vida estava presente no cotidiano da nossa sociedade antes da pandemia, e continuar\u00e1 no p\u00f3s-pandemia, porque n\u00e3o conseguimos enfrentar como sociedade as causas que geram a viol\u00eancia que afronta e destr\u00f3i a vida, maior dom de Deus para todos n\u00f3s.<\/p>\n<p style=\"text-align: justify;\">O Senhor, atrav\u00e9s da sua Palavra, nos convida a refletirmos profundamente sobre a nossa ades\u00e3o a Ele, sobre o nosso seguimento de disc\u00edpulos. Escolher Jesus como Senhor e Mestre, para am\u00e1-lo plenamente, pode mudar os nossos esquemas: reorganizar as nossas rela\u00e7\u00f5es familiares e sociais, a nossa vida, e at\u00e9 os nossos sofrimentos e cansa\u00e7os ter\u00e3o outro sentido, quando nos colocamos na presen\u00e7a de Deus ou deixamos o Senhor fazer parte da nossa vida.<\/p>\n<p style=\"text-align: justify;\">Colocando o Senhor no centro do nosso cora\u00e7\u00e3o, dando prioridade \u00e0s coisas de Deus, \u00e0 sua Palavra e ao Reino de Deus, todo o restante assume um sentido pleno com uma verdadeira dignidade. Quando a nossa exist\u00eancia, as nossas rela\u00e7\u00f5es fraternas, o nosso viver e sofrer tem Jesus no centro, quando assumimos o Evangelho como crit\u00e9rio no agir e no pensar, tudo se torna \u201cmeio para caminhar seguindo os passos do Senhor\u201d.<\/p>\n<p style=\"text-align: justify;\">Seguir Jesus \u00e9 fazer com que a sua vontade d\u00ea um sentido \u00e0 nossa exist\u00eancia, defina o nosso modo de viver, de amar, de cuidar da vida e da natureza. A realiza\u00e7\u00e3o plena da nossa humanidade est\u00e1 em Jesus, mediador entre Deus e os homens, e se cumpre atrav\u00e9s da escuta atenta da sua Palavra. Atrav\u00e9s dela, Deus fala com amor e ternura ao nosso cora\u00e7\u00e3o, conforta a nossa vida e d\u00e1 um sentido permanente ao nosso existir.<\/p>\n","protected":false},"excerpt":{"rendered":"<p>Dom Jos\u00e9 Gislon Bispo de Caxias do Sul \u00a0 Estamos iniciando o m\u00eas de setembro, que tamb\u00e9m \u00e9 dedicado \u00e0 B\u00edblia, sem esquecermos que a Palavra de Deus foi revelada a todos n\u00f3s como caminho de vida e salva\u00e7\u00e3o. Outro motivo particular \u00e9 o dia da P\u00e1tria, ou seja, o dia de recordarmos nossa condi\u00e7\u00e3o &hellip;<\/p>\n<p class=\"read-more\"> <a class=\"\" href=\"https:\/\/www.cnbb.org.br\/que-a-palavra-de-deus-fale-ao-teu-coracao\/\"> <span class=\"screen-reader-text\">Que a Palavra de Deus fale ao teu cora\u00e7\u00e3o<\/span> Leia mais &raquo;<\/a><\/p>\n","protected":false},"author":20,"featured_media":0,"comment_status":"open","ping_status":"open","sticky":false,"template":"","format":"standard","meta":{"site-sidebar-layout":"default","site-content-layout":"default","ast-global-header-display":"","ast-banner-title-visibility":"","ast-main-header-display":"","ast-hfb-above-header-display":"","ast-hfb-below-header-display":"","ast-hfb-mobile-header-display":"","site-post-title":"","ast-breadcrumbs-content":"","ast-featured-img":"","footer-sml-layout":"","theme-transparent-header-meta":"default","adv-header-id-meta":"","stick-header-meta":"","header-above-stick-meta":"","header-main-stick-meta":"","header-below-stick-meta":""},"categories":[758],"tags":[],"acf":[],"_links":{"self":[{"href":"https:\/\/www.cnbb.org.br\/cnbb-app\/wp\/v2\/posts\/247353"}],"collection":[{"href":"https:\/\/www.cnbb.org.br\/cnbb-app\/wp\/v2\/posts"}],"about":[{"href":"https:\/\/www.cnbb.org.br\/cnbb-app\/wp\/v2\/types\/post"}],"author":[{"embeddable":true,"href":"https:\/\/www.cnbb.org.br\/cnbb-app\/wp\/v2\/users\/20"}],"replies":[{"embeddable":true,"href":"https:\/\/www.cnbb.org.br\/cnbb-app\/wp\/v2\/comments?post=247353"}],"version-history":[{"count":0,"href":"https:\/\/www.cnbb.org.br\/cnbb-app\/wp\/v2\/posts\/247353\/revisions"}],"wp:attachment":[{"href":"https:\/\/www.cnbb.org.br\/cnbb-app\/wp\/v2\/media?parent=247353"}],"wp:term":[{"taxonomy":"category","embeddable":true,"href":"https:\/\/www.cnbb.org.br\/cnbb-app\/wp\/v2\/categories?post=247353"},{"taxonomy":"post_tag","embeddable":true,"href":"https:\/\/www.cnbb.org.br\/cnbb-app\/wp\/v2\/tags?post=247353"}],"curies":[{"name":"wp","href":"https:\/\/api.w.org\/{rel}","templated":true}]}}