{"id":247432,"date":"2020-09-04T14:24:26","date_gmt":"2020-09-04T17:24:26","guid":{"rendered":"https:\/\/www.cnbb.org.br\/?p=247432"},"modified":"2020-09-04T19:33:15","modified_gmt":"2020-09-04T22:33:15","slug":"live-organizada-pela-campanha-amazoniza-te-tera-presenca-do-diretor-estevao-ciavatta","status":"publish","type":"post","link":"https:\/\/www.cnbb.org.br\/live-organizada-pela-campanha-amazoniza-te-tera-presenca-do-diretor-estevao-ciavatta\/","title":{"rendered":"Live organizada pela campanha Amazoniza-te ter\u00e1 presen\u00e7a do diretor Estev\u00e3o Ciavatta"},"content":{"rendered":"<p style=\"text-align: justify;\">Entre os dias 1\u00ba de setembro e 4 de outubro, \u00e9 celebrado pelos crist\u00e3os de todo o mundo o Tempo da Cria\u00e7\u00e3o. Como parte das a\u00e7\u00f5es planejadas para marcar esse tempo no Brasil, um conjunto de a\u00e7\u00f5es foram pensadas pela campanha &#8220;Amazoniza-te&#8221;, articulada entre outras organiza\u00e7\u00f5es, pela Comiss\u00e3o Pastoral Especial para a Amaz\u00f4nia da Confer\u00eancia Nacional dos Bispos do Brasil (CNBB). Em 2015, o papa Francisco instituiu o dia 1\u00ba de setembro como Dia Mundial de Ora\u00e7\u00e3o pelo cuidado da Cria\u00e7\u00e3o.<\/p>\n<p style=\"text-align: justify;\">Uma destas a\u00e7\u00f5es \u00e9 uma live com o diretor do filme Amaz\u00f4nia Sociedade An\u00f4nima que ser\u00e1 realizada neste dia 4, sexta-feira, \u00e0s 18h. O tema \u00e9: &#8220;Amaz\u00f4nia sociedade an\u00f4nima &#8211; Desafios da floresta de de seus povos&#8221;. Estev\u00e3o Ciavatta, o diretor do fillme, participar\u00e1 de um bate papo com a doutora D\u00e9bora Duprat, que foi membro do Minist\u00e9rio P\u00fablico Federal de 1987 a 2020 e vice-procuradora-geral da Rep\u00fablica entre 2009 e 2013.<\/p>\n<p style=\"text-align: justify;\">O te\u00f3logo e diretor do Instituto de Teologia Pastoral e Ensino Superior da Amaz\u00f4nia e assessor da REPAM-Brasil, Pe. Ricardo Castro, tamb\u00e9m participa da conversa. O filme ser\u00e1 exibido em uma sala virtual, no mesmo dia, a partir das 18h.<\/p>\n<p style=\"text-align: justify;\">Os interessados em receber o link para assistir ao filme devem se cadastrar no link: <\/p>\n","protected":false},"excerpt":{"rendered":"<p>Entre os dias 1\u00ba de setembro e 4 de outubro, \u00e9 celebrado pelos crist\u00e3os de todo o mundo o Tempo da Cria\u00e7\u00e3o. Como parte das a\u00e7\u00f5es planejadas para marcar esse tempo no Brasil, um conjunto de a\u00e7\u00f5es foram pensadas pela campanha &#8220;Amazoniza-te&#8221;, articulada entre outras organiza\u00e7\u00f5es, pela Comiss\u00e3o Pastoral Especial para a Amaz\u00f4nia da Confer\u00eancia &hellip;<\/p>\n<p class=\"read-more\"> <a class=\"\" href=\"https:\/\/www.cnbb.org.br\/live-organizada-pela-campanha-amazoniza-te-tera-presenca-do-diretor-estevao-ciavatta\/\"> <span class=\"screen-reader-text\">Live organizada pela campanha Amazoniza-te ter\u00e1 presen\u00e7a do diretor Estev\u00e3o Ciavatta<\/span> Leia mais &raquo;<\/a><\/p>\n","protected":false},"author":83,"featured_media":247433,"comment_status":"open","ping_status":"open","sticky":false,"template":"","format":"standard","meta":{"site-sidebar-layout":"default","site-content-layout":"default","ast-global-header-display":"","ast-banner-title-visibility":"","ast-main-header-display":"","ast-hfb-above-header-display":"","ast-hfb-below-header-display":"","ast-hfb-mobile-header-display":"","site-post-title":"","ast-breadcrumbs-content":"","ast-featured-img":"","footer-sml-layout":"","theme-transparent-header-meta":"default","adv-header-id-meta":"","stick-header-meta":"","header-above-stick-meta":"","header-main-stick-meta":"","header-below-stick-meta":""},"categories":[925,50],"tags":[],"acf":[],"_links":{"self":[{"href":"https:\/\/www.cnbb.org.br\/cnbb-app\/wp\/v2\/posts\/247432"}],"collection":[{"href":"https:\/\/www.cnbb.org.br\/cnbb-app\/wp\/v2\/posts"}],"about":[{"href":"https:\/\/www.cnbb.org.br\/cnbb-app\/wp\/v2\/types\/post"}],"author":[{"embeddable":true,"href":"https:\/\/www.cnbb.org.br\/cnbb-app\/wp\/v2\/users\/83"}],"replies":[{"embeddable":true,"href":"https:\/\/www.cnbb.org.br\/cnbb-app\/wp\/v2\/comments?post=247432"}],"version-history":[{"count":0,"href":"https:\/\/www.cnbb.org.br\/cnbb-app\/wp\/v2\/posts\/247432\/revisions"}],"wp:featuredmedia":[{"embeddable":true,"href":"https:\/\/www.cnbb.org.br\/cnbb-app\/wp\/v2\/media\/247433"}],"wp:attachment":[{"href":"https:\/\/www.cnbb.org.br\/cnbb-app\/wp\/v2\/media?parent=247432"}],"wp:term":[{"taxonomy":"category","embeddable":true,"href":"https:\/\/www.cnbb.org.br\/cnbb-app\/wp\/v2\/categories?post=247432"},{"taxonomy":"post_tag","embeddable":true,"href":"https:\/\/www.cnbb.org.br\/cnbb-app\/wp\/v2\/tags?post=247432"}],"curies":[{"name":"wp","href":"https:\/\/api.w.org\/{rel}","templated":true}]}}