{"id":247655,"date":"2020-09-08T12:33:47","date_gmt":"2020-09-08T15:33:47","guid":{"rendered":"https:\/\/www.cnbb.org.br\/?p=247655"},"modified":"2020-09-08T12:47:55","modified_gmt":"2020-09-08T15:47:55","slug":"dom-jose-albuquerque-participa-de-simposio-sobre-desafios-e-possibilidades-no-campo-formativo","status":"publish","type":"post","link":"https:\/\/www.cnbb.org.br\/dom-jose-albuquerque-participa-de-simposio-sobre-desafios-e-possibilidades-no-campo-formativo\/","title":{"rendered":"Dom Jos\u00e9 Albuquerque participa de simp\u00f3sio sobre desafios e possibilidades no campo formativo"},"content":{"rendered":"<p style=\"text-align: justify;\">Dom Jos\u00e9 Albuquerque de Ara\u00fajo, bispo auxiliar de Manaus e referencial na Organiza\u00e7\u00e3o dos Semin\u00e1rios e Institutos Filos\u00f3ficos-Teol\u00f3gicos do Brasil (OSIB) e da Pastoral Vocacional e Servi\u00e7o de Anima\u00e7\u00e3o Vocacional da Igreja do Brasil representou a Comiss\u00e3o Episcopal Pastoral para os Minist\u00e9rios Ordenados e a Vida Consagrada da Confer\u00eancia Nacional dos Bispos do Brasil (CNBB) no evento, que aconteceu nos dias 04 a 06 de setembro de 2020, por videoconfer\u00eancia, e foi organizado pelo Instituto Terap\u00eautico Acolher (ITA).<\/p>\n<p style=\"text-align: justify;\">Na ocasi\u00e3o, dom Jos\u00e9 dirigiu a ora\u00e7\u00e3o inicial, saudou a todos os participantes, parabenizou os organizadores e recordou o qu\u00e3o desafiadora \u00e9 a miss\u00e3o do formador e da forma\u00e7\u00e3o, seja nos dias atuais \u2013 pand\u00eamicos \u2013 ou em outros tempos.<\/p>\n<blockquote>\n<p style=\"text-align: justify;\">\u201cA pandemia trouxe consigo a instabilidade, em v\u00e1rias frentes, n\u00e3o apenas na sa\u00fade e na economia&#8230; S\u00e3o novos tempos, que exigem de todos muitos aprendizados, novos caminhos, novas estrat\u00e9gias e planejamentos. A realiza\u00e7\u00e3o deste simp\u00f3sio, neste formato \u2018virtual\u2019 \u00e9 prova disto. O tempo n\u00e3o para, a vida continua, os desafios surgem, crescem&#8230; E n\u00f3s, crist\u00e3os leigos e leigas, pessoas de vida consagrada, ministros ordenados, disc\u00edpulos mission\u00e1rios de Jesus, que sonhamos na realiza\u00e7\u00e3o do Reino de Deus e que dedicamos nossas vidas para que justamente haja vida plena na sociedade, mais justi\u00e7a e paz, devemos nos manter animados, esperan\u00e7osos, continuando a semear o Esp\u00edrito divino onde quer que seja\u201d.<\/p>\n<\/blockquote>\n<p style=\"text-align: justify;\">Dom Jos\u00e9, ao mencionar o tema do simp\u00f3sio, \u201cdesafios e possibilidades no campo formativo\u201d, afirmou que os desafios refletem tamb\u00e9m no processo vocacional, na forma\u00e7\u00e3o de futuros leigos e leigas, religiosos e religiosas, di\u00e1conos, padres, bispos. Para o caso espec\u00edfico da forma\u00e7\u00e3o dos futuros sacerdotes, destacou alguns trechos das diretrizes fundamentais para a forma\u00e7\u00e3o sacerdotal:<\/p>\n<blockquote>\n<p style=\"text-align: justify;\">\u201cA forma\u00e7\u00e3o dos sacerdotes \u00e9 a continua\u00e7\u00e3o de um \u00fanico \u2018caminho de discipulado\u2019, que se inicia com batismo, se aperfei\u00e7oa com os demais sacramentos da inicia\u00e7\u00e3o crist\u00e3, para ser depois acolhido como centro da pr\u00f3pria vida no momento de entrada no Semin\u00e1rio, e continua por toda a vida; obviamente, a forma\u00e7\u00e3o inicial no Semin\u00e1rio distingue-se daquela permanente quanto ao tempo, modo e finalidades espec\u00edficas, mas constitui com essa uma \u00fanica forma\u00e7\u00e3o progressiva &#8211; aquela que se realiza na vida do disc\u00edpulo sacerdote, o qual, permanecendo sempre na escola do Mestre, n\u00e3o cessa de buscar a configura\u00e7\u00e3o a Ele [&#8230;]. A ideia de fundo \u00e9 que os Semin\u00e1rios possam formar disc\u00edpulos mission\u00e1rios enamorados do Mestre, pastores com cheiro das ovelhas que vivam no meio delas para servi-las e conduzi-las \u00e0 miseric\u00f3rdia de Deus. Por isso, \u00e9 necess\u00e1rio que cada sacerdote se sinta sempre um \u2018disc\u00edpulo a caminho\u2019, carente constantemente de uma forma\u00e7\u00e3o integral, compreendida como cont\u00ednua configura\u00e7\u00e3o a Cristo\u201d.<\/p>\n<\/blockquote>\n<p style=\"text-align: justify;\">Em outras palavras, afirmou dom Jos\u00e9, \u201co ideal \u00e9 nos aproximarmos o m\u00e1ximo da pessoa de Jesus, fazendo o que ele fez, sentindo os mesmos sentimentos dele, amando como ele amou, perdoando como ele perdoava\u201d. Essa meta, de acordo com ele, deveria ser a de todo batizado. &#8220;Um desafio de ontem e de hoje. \u00c9 permanente&#8221;, disse. Dom Jos\u00e9 tamb\u00e9m citou a <em>Ratio Nationalis<\/em> ou as Diretrizes para a Forma\u00e7\u00e3o dos Presb\u00edteros da Igreja do Brasil:<\/p>\n<blockquote>\n<p style=\"text-align: justify;\">\u201cO semin\u00e1rio de hoje tem a miss\u00e3o de formar presb\u00edteros capazes de dialogar com a realidade plural e atuar pastoralmente no meio do povo, valorizando os leigos e leigas em seus diversos carismas, servi\u00e7os e minist\u00e9rios [&#8230;]. Vive-se uma mudan\u00e7a de \u00e9poca que afeta paradigmas estabelecidos e valores culturais e morais. Essa mudan\u00e7a de \u00e9poca clama por pessoas integradas, capazes de ler e interpretar os sinais dos tempos, no horizonte da f\u00e9\u201d (n. 7 e 9).<\/p>\n<\/blockquote>\n<p style=\"text-align: justify;\">Em s\u00edntese, acentuou dom Jos\u00e9, o grande desafio da forma\u00e7\u00e3o na atualidade \u00e9 formar pessoas que saibam dialogar, seja na realidade em que estiver inserido, ou nas Redes Sociais. E para manter um di\u00e1logo aut\u00eantico, que n\u00e3o seja dominador ou \u201cclericalista\u201d, o candidato ao sacerd\u00f3cio deve estar integrado consigo, com o outro, com Deus e com o Cosmos, a \u201cCasa Comum\u201d. E ter capacidade de compreender os sinais dos tempos. Ou seja, \u201cuma miss\u00e3o nada f\u00e1cil para os formadores\u201d, deixou claro o bispo.<\/p>\n<p style=\"text-align: justify;\">Dentro do contexto de preocupa\u00e7\u00e3o com a forma\u00e7\u00e3o, dom Jos\u00e9 citou tamb\u00e9m a Exorta\u00e7\u00e3o Apost\u00f3lica P\u00f3s Sinodal <em>Pastores Dabo Vobis, <\/em>de 1992: \u201cA forma\u00e7\u00e3o dos futuros sacerdotes, tanto diocesanos como religiosos, e o ass\u00edduo cuidado, mantido ao longo de toda a vida, em vista da sua santifica\u00e7\u00e3o pessoal no minist\u00e9rio e da atualiza\u00e7\u00e3o constante no seu empenho pastoral, \u00e9 considerado pela Igreja como uma das tarefas de maior delicadeza e import\u00e2ncia para o futuro da evangeliza\u00e7\u00e3o da humanidade\u201d.<\/p>\n<p style=\"text-align: justify;\">Na conclus\u00e3o, dom Jos\u00e9 alertou para n\u00e3o nos esquecermos de \u201crezar e trabalhar pelas voca\u00e7\u00f5es, miss\u00e3o de todos n\u00f3s na Igreja, que necessita de presb\u00edteros fraternos, orantes e servidores\u201d (<em>Doc. CNBB 110<\/em>, n. 391). E desejou que, de fato, \u201cnossos presb\u00edteros e seminaristas sejam mansos e humildes de cora\u00e7\u00e3o, simples nas atitudes, fortes na unidade, firmes da f\u00e9, repletos de esperan\u00e7a e sol\u00edcitos na caridade\u201d.<\/p>\n<p>&nbsp;<\/p>\n<pre>Com informa\u00e7\u00f5es da Comiss\u00e3o para os Minist\u00e9rios Ordenados e a Vida Consagrada<\/pre>\n","protected":false},"excerpt":{"rendered":"<p>Dom Jos\u00e9 Albuquerque de Ara\u00fajo, bispo auxiliar de Manaus e referencial na Organiza\u00e7\u00e3o dos Semin\u00e1rios e Institutos Filos\u00f3ficos-Teol\u00f3gicos do Brasil (OSIB) e da Pastoral Vocacional e Servi\u00e7o de Anima\u00e7\u00e3o Vocacional da Igreja do Brasil representou a Comiss\u00e3o Episcopal Pastoral para os Minist\u00e9rios Ordenados e a Vida Consagrada da Confer\u00eancia Nacional dos Bispos do Brasil (CNBB) &hellip;<\/p>\n<p class=\"read-more\"> <a class=\"\" href=\"https:\/\/www.cnbb.org.br\/dom-jose-albuquerque-participa-de-simposio-sobre-desafios-e-possibilidades-no-campo-formativo\/\"> <span class=\"screen-reader-text\">Dom Jos\u00e9 Albuquerque participa de simp\u00f3sio sobre desafios e possibilidades no campo formativo<\/span> Leia mais &raquo;<\/a><\/p>\n","protected":false},"author":83,"featured_media":2107,"comment_status":"open","ping_status":"open","sticky":false,"template":"","format":"standard","meta":{"site-sidebar-layout":"default","site-content-layout":"default","ast-global-header-display":"","ast-banner-title-visibility":"","ast-main-header-display":"","ast-hfb-above-header-display":"","ast-hfb-below-header-display":"","ast-hfb-mobile-header-display":"","site-post-title":"","ast-breadcrumbs-content":"","ast-featured-img":"","footer-sml-layout":"","theme-transparent-header-meta":"default","adv-header-id-meta":"","stick-header-meta":"","header-above-stick-meta":"","header-main-stick-meta":"","header-below-stick-meta":""},"categories":[807,50],"tags":[2811,2096,2810],"acf":[],"_links":{"self":[{"href":"https:\/\/www.cnbb.org.br\/cnbb-app\/wp\/v2\/posts\/247655"}],"collection":[{"href":"https:\/\/www.cnbb.org.br\/cnbb-app\/wp\/v2\/posts"}],"about":[{"href":"https:\/\/www.cnbb.org.br\/cnbb-app\/wp\/v2\/types\/post"}],"author":[{"embeddable":true,"href":"https:\/\/www.cnbb.org.br\/cnbb-app\/wp\/v2\/users\/83"}],"replies":[{"embeddable":true,"href":"https:\/\/www.cnbb.org.br\/cnbb-app\/wp\/v2\/comments?post=247655"}],"version-history":[{"count":0,"href":"https:\/\/www.cnbb.org.br\/cnbb-app\/wp\/v2\/posts\/247655\/revisions"}],"wp:featuredmedia":[{"embeddable":true,"href":"https:\/\/www.cnbb.org.br\/cnbb-app\/wp\/v2\/media\/2107"}],"wp:attachment":[{"href":"https:\/\/www.cnbb.org.br\/cnbb-app\/wp\/v2\/media?parent=247655"}],"wp:term":[{"taxonomy":"category","embeddable":true,"href":"https:\/\/www.cnbb.org.br\/cnbb-app\/wp\/v2\/categories?post=247655"},{"taxonomy":"post_tag","embeddable":true,"href":"https:\/\/www.cnbb.org.br\/cnbb-app\/wp\/v2\/tags?post=247655"}],"curies":[{"name":"wp","href":"https:\/\/api.w.org\/{rel}","templated":true}]}}