{"id":24770,"date":"2010-10-16T00:00:00","date_gmt":"2010-10-16T03:00:00","guid":{"rendered":"https:\/\/www.cnbb.org.br\/assembleia-do-regional-sul-1-debate-missao-continental\/"},"modified":"2010-10-16T00:00:00","modified_gmt":"2010-10-16T03:00:00","slug":"assembleia-do-regional-sul-1-debate-missao-continental","status":"publish","type":"post","link":"https:\/\/www.cnbb.org.br\/assembleia-do-regional-sul-1-debate-missao-continental\/","title":{"rendered":"Assembleia do Regional Sul 1 debate Miss\u00e3o Continental"},"content":{"rendered":"<p style=\"text-align: justify\">Come\u00e7ou nesta sexta-feira, 15, a 32\u00aa Assembleia das Igrejas Particulares do Regional Sul 1 da CNBB (estado de S\u00e3o Paulo). Mais de 200 pessoas participam do encontro na Casa de Retiros Vila Kostka, em Itaici, munic\u00edpio de Indaiatuba (SP). S\u00e3o bispos, leigos, padres e representantes de pastorais, movimentos e organismos vinculados com o Regional Sul 1, que refletem at\u00e9 domingo, 17, o tema \u00abProcesso e M\u00e9todo Operativo da Miss\u00e3o Continental no Regional Sul 1\u00bb.<\/p>\n<p>  <!--more-->  A celebra\u00e7\u00e3o de abertura foi\u00a0 presidida pelo presidente do Regional e bispo de Santo Andr\u00e9 (SP), dom Nelson Westrupp. J\u00e1 a abertura dos trabalhos foi feita pelo secret\u00e1rio do Regional e bispo de Mogi das Cruzes (SP), dom Airton Jos\u00e9 dos Santos. <\/p>\n<p style=\"text-align: justify\">Uma das primeiras atividades foi a apresenta\u00e7\u00e3o da organiza\u00e7\u00e3o da Miss\u00e3o Continental no Brasil e no Regional Sul 1 feita pelo coordenador do Conselho Mission\u00e1rio Regional (Comire) , Robson Ferreira.<\/p>\n<p style=\"text-align: justify\">As atividades do primeiro dia da assembleia terminaram com a apresenta\u00e7\u00e3o dos trabalhos mission\u00e1rios desenvolvidos pelas dioceses das oito sub-regi\u00f5es pastorais do Regional (Aparecida, Botucatu, Campinas, Ribeir\u00e3o Preto I e II, S\u00e3o Paulo I e II, Sorocaba).<\/p>\n<p style=\"text-align: justify\">Na manh\u00e3 de hoje, o arcebispo de S\u00e3o Paulo, cardeal dom Odilo Pedro Scherer fez uma reflex\u00e3o em torno do tema central da assembleia. Est\u00e1 previsto na noite deste segundo dia, o lan\u00e7amento do livro Dom Luciano, especial dom de Deus, de Margarida Drumond de Assis.<\/p>\n<p style=\"text-align: justify\"><span style=\"font-size: 8pt\"><em><strong>CNBB\/Sul 1<br \/><\/strong><\/em><\/span><\/p>\n<p style=\"text-align: justify\"><span style=\"font-size: 8pt\"><em><strong>Foto: Milton Figueiredo<\/strong><\/em><\/span><\/p>\n","protected":false},"excerpt":{"rendered":"<p>Come\u00e7ou nesta sexta-feira, 15, a 32\u00aa Assembleia das Igrejas Particulares do Regional Sul 1 da CNBB (estado de S\u00e3o Paulo). Mais de 200 pessoas participam do encontro na Casa de Retiros Vila Kostka, em Itaici, munic\u00edpio de Indaiatuba (SP). S\u00e3o bispos, leigos, padres e representantes de pastorais, movimentos e organismos vinculados com o Regional Sul &hellip;<\/p>\n<p class=\"read-more\"> <a class=\"\" href=\"https:\/\/www.cnbb.org.br\/assembleia-do-regional-sul-1-debate-missao-continental\/\"> <span class=\"screen-reader-text\">Assembleia do Regional Sul 1 debate Miss\u00e3o Continental<\/span> Leia mais &raquo;<\/a><\/p>\n","protected":false},"author":83,"featured_media":8043,"comment_status":"open","ping_status":"open","sticky":false,"template":"","format":"standard","meta":{"site-sidebar-layout":"default","site-content-layout":"default","ast-global-header-display":"","ast-banner-title-visibility":"","ast-main-header-display":"","ast-hfb-above-header-display":"","ast-hfb-below-header-display":"","ast-hfb-mobile-header-display":"","site-post-title":"","ast-breadcrumbs-content":"","ast-featured-img":"","footer-sml-layout":"","theme-transparent-header-meta":"","adv-header-id-meta":"","stick-header-meta":"","header-above-stick-meta":"","header-main-stick-meta":"","header-below-stick-meta":""},"categories":[769,772],"tags":[],"acf":[],"_links":{"self":[{"href":"https:\/\/www.cnbb.org.br\/cnbb-app\/wp\/v2\/posts\/24770"}],"collection":[{"href":"https:\/\/www.cnbb.org.br\/cnbb-app\/wp\/v2\/posts"}],"about":[{"href":"https:\/\/www.cnbb.org.br\/cnbb-app\/wp\/v2\/types\/post"}],"author":[{"embeddable":true,"href":"https:\/\/www.cnbb.org.br\/cnbb-app\/wp\/v2\/users\/83"}],"replies":[{"embeddable":true,"href":"https:\/\/www.cnbb.org.br\/cnbb-app\/wp\/v2\/comments?post=24770"}],"version-history":[{"count":0,"href":"https:\/\/www.cnbb.org.br\/cnbb-app\/wp\/v2\/posts\/24770\/revisions"}],"wp:featuredmedia":[{"embeddable":true,"href":"https:\/\/www.cnbb.org.br\/cnbb-app\/wp\/v2\/media\/8043"}],"wp:attachment":[{"href":"https:\/\/www.cnbb.org.br\/cnbb-app\/wp\/v2\/media?parent=24770"}],"wp:term":[{"taxonomy":"category","embeddable":true,"href":"https:\/\/www.cnbb.org.br\/cnbb-app\/wp\/v2\/categories?post=24770"},{"taxonomy":"post_tag","embeddable":true,"href":"https:\/\/www.cnbb.org.br\/cnbb-app\/wp\/v2\/tags?post=24770"}],"curies":[{"name":"wp","href":"https:\/\/api.w.org\/{rel}","templated":true}]}}