{"id":24787,"date":"2010-11-22T00:00:00","date_gmt":"2010-11-22T02:00:00","guid":{"rendered":"https:\/\/www.cnbb.org.br\/eucaristia-sera-o-tema-norteador-das-acoes-pastorais-da-diocese-de-sao-jose-do-rio-preto-em-2011\/"},"modified":"2010-11-22T00:00:00","modified_gmt":"2010-11-22T02:00:00","slug":"eucaristia-sera-o-tema-norteador-das-acoes-pastorais-da-diocese-de-sao-jose-do-rio-preto-em-2011","status":"publish","type":"post","link":"https:\/\/www.cnbb.org.br\/eucaristia-sera-o-tema-norteador-das-acoes-pastorais-da-diocese-de-sao-jose-do-rio-preto-em-2011\/","title":{"rendered":"Eucaristia ser\u00e1 o tema norteador das a\u00e7\u00f5es pastorais da diocese de S\u00e3o Jos\u00e9 do Rio Preto em 2011"},"content":{"rendered":"<p style=\"text-align: justify\">A diocese de S\u00e3o Jos\u00e9 do Rio Preto, interior de S\u00e3o Paulo, definiu a eucaristia como tema orientador de suas a\u00e7\u00f5es pastorais em 2011, proclamado o \u201cAno da Eucaristia\u201d, na diocese. A defini\u00e7\u00e3o aconteceu na 14\u00aa Assembleia de pastoral da diocese, realizada no s\u00e1bado, 20, no Col\u00e9gio Santo Andr\u00e9, em S\u00e3o Jos\u00e9 do Rio Preto.<\/p>\n<p><!--more--><\/p>\n<p style=\"text-align: justify\">A abertura do \u201cAno da Eucaristia\u201d est\u00e1 prevista para 24 de janeiro, na Catedral de S\u00e3o Jos\u00e9. O encerramento ser\u00e1 na Festa de Cristo Rei, em novembro do pr\u00f3ximo ano.<\/p>\n<p style=\"text-align: justify\">\u201cAt\u00e9 l\u00e1 [o encerramento], realizaremos encontros celebrativos nas regi\u00f5es e investiremos mais na forma\u00e7\u00e3o. Quanto mais trabalharmos, mais formaremos l\u00edderes engajados\u201d, disse o bispo de S\u00e3o Jos\u00e9 do Rio Preto, dom Paulo Mendes Peixoto.<\/p>\n<p style=\"text-align: justify\">A Assembleia teve a assessoria do bispo de Barretos (SP), dom Edmilson Amador Caetano, que acentuou o valor da eucaristia na vida do crist\u00e3o. \u201cSe eu n\u00e3o tenho a Eucaristia no centro da minha vida, os demais encontros n\u00e3o t\u00eam valor. Nada substitui a Eucaristia, fonte de onde brota toda a miss\u00e3o\u201d, disse o bispo.<\/p>\n<p style=\"text-align: justify\">O compromisso com a a\u00e7\u00e3o mission\u00e1ria tamb\u00e9m recebeu a aten\u00e7\u00e3o dos presentes. O trabalho dos padres diocesanos Ad\u00e3o Reis, Pedro da Silva e Edvaldo Ros\u00e1rio Calazans, na Diocese de Guajar\u00e1-Mirim foi apresentado como motiva\u00e7\u00e3o para a Igreja de S\u00e3o Jos\u00e9 do Rio Preto.<\/p>\n<p style=\"text-align: justify\">\u201cPrecisamos, cada vez mais, ter uma cultura mission\u00e1ria\u201d, incentivou o coordenador diocesano de pastoral, padre Cleomar Bessa da Silva.<\/p>\n<p style=\"text-align: justify\">Como ocorreu neste ano, em 2011 um novo grupo de leigos, sob a coordena\u00e7\u00e3o do padre Anderson Alves Campos, deve seguir para trabalhar durante uma semana na Comunidade Cerejeiras, em Rond\u00f4nia.<\/p>\n<p style=\"text-align: justify\"><span style=\"font-size: 8pt\"><strong><em>CNBB\/Assessoria Comunica\u00e7\u00e3o Dioc. SJRP<br \/>\nFoto: Andr\u00e9 Botelho<\/em><\/strong><\/span><\/p>\n","protected":false},"excerpt":{"rendered":"<p>A diocese de S\u00e3o Jos\u00e9 do Rio Preto, interior de S\u00e3o Paulo, definiu a eucaristia como tema orientador de suas a\u00e7\u00f5es pastorais em 2011, proclamado o \u201cAno da Eucaristia\u201d, na diocese. A defini\u00e7\u00e3o aconteceu na 14\u00aa Assembleia de pastoral da diocese, realizada no s\u00e1bado, 20, no Col\u00e9gio Santo Andr\u00e9, em S\u00e3o Jos\u00e9 do Rio Preto.<\/p>\n","protected":false},"author":83,"featured_media":24788,"comment_status":"open","ping_status":"open","sticky":false,"template":"","format":"standard","meta":{"site-sidebar-layout":"default","site-content-layout":"default","ast-global-header-display":"","ast-banner-title-visibility":"","ast-main-header-display":"","ast-hfb-above-header-display":"","ast-hfb-below-header-display":"","ast-hfb-mobile-header-display":"","site-post-title":"","ast-breadcrumbs-content":"","ast-featured-img":"","footer-sml-layout":"","theme-transparent-header-meta":"","adv-header-id-meta":"","stick-header-meta":"","header-above-stick-meta":"","header-main-stick-meta":"","header-below-stick-meta":""},"categories":[769,772],"tags":[],"acf":[],"_links":{"self":[{"href":"https:\/\/www.cnbb.org.br\/cnbb-app\/wp\/v2\/posts\/24787"}],"collection":[{"href":"https:\/\/www.cnbb.org.br\/cnbb-app\/wp\/v2\/posts"}],"about":[{"href":"https:\/\/www.cnbb.org.br\/cnbb-app\/wp\/v2\/types\/post"}],"author":[{"embeddable":true,"href":"https:\/\/www.cnbb.org.br\/cnbb-app\/wp\/v2\/users\/83"}],"replies":[{"embeddable":true,"href":"https:\/\/www.cnbb.org.br\/cnbb-app\/wp\/v2\/comments?post=24787"}],"version-history":[{"count":0,"href":"https:\/\/www.cnbb.org.br\/cnbb-app\/wp\/v2\/posts\/24787\/revisions"}],"wp:featuredmedia":[{"embeddable":true,"href":"https:\/\/www.cnbb.org.br\/cnbb-app\/wp\/v2\/media\/24788"}],"wp:attachment":[{"href":"https:\/\/www.cnbb.org.br\/cnbb-app\/wp\/v2\/media?parent=24787"}],"wp:term":[{"taxonomy":"category","embeddable":true,"href":"https:\/\/www.cnbb.org.br\/cnbb-app\/wp\/v2\/categories?post=24787"},{"taxonomy":"post_tag","embeddable":true,"href":"https:\/\/www.cnbb.org.br\/cnbb-app\/wp\/v2\/tags?post=24787"}],"curies":[{"name":"wp","href":"https:\/\/api.w.org\/{rel}","templated":true}]}}