{"id":24802,"date":"2010-12-09T00:00:00","date_gmt":"2010-12-09T02:00:00","guid":{"rendered":"https:\/\/www.cnbb.org.br\/seminario-de-ribeirao-preto-comemora-50-anos\/"},"modified":"2010-12-09T00:00:00","modified_gmt":"2010-12-09T02:00:00","slug":"seminario-de-ribeirao-preto-comemora-50-anos","status":"publish","type":"post","link":"https:\/\/www.cnbb.org.br\/seminario-de-ribeirao-preto-comemora-50-anos\/","title":{"rendered":"Semin\u00e1rio de Ribeir\u00e3o Preto comemora 50 anos"},"content":{"rendered":"<p style=\"text-align: justify\">A festa da Imaculada Concei\u00e7\u00e3o de Maria foi marcada ontem, 8, com a abertura da programa\u00e7\u00e3o comemorativa dos 50 anos de instala\u00e7\u00e3o do Semin\u00e1rio Maria Imaculada em Brodowski, da arquidiocese de Ribeir\u00e3o Preto. A data festejou tamb\u00e9m os 41 anos de ordena\u00e7\u00e3o presbiteral do arcebispo dom Joviano de Lima J\u00fanior.<\/p>\n<p><!--more--><\/p>\n<p style=\"text-align: justify\"><img decoding=\"async\" loading=\"lazy\" class=\" alignleft size-full wp-image-7736\" style=\"float: left\" src=\"https:\/\/www.cnbb.org.br\/wp-content\/uploads\/2020\/03\/50anossami3-rotated.jpg\" alt=\"50anossami3\" width=\"150\" height=\"172\" \/>O Semin\u00e1rio foi aberto em 19 de mar\u00e7o de 1945, por dom Alberto Jos\u00e9 Gon\u00e7alves, em Ribeir\u00e3o Preto. Sua transfer\u00eancia para as atuais depend\u00eancias, em Brodowski, foi em 1961, com a inaugura\u00e7\u00e3o oficial em 12 de dezembro.<\/p>\n<p style=\"text-align: justify\">O pr\u00e9dio, al\u00e9m da resid\u00eancia dos seminaristas, abriga, em ala anexa, o Centro de Estudos da Arquidiocese de Ribeir\u00e3o Preto (CEARP), afiliado \u00e0 Faculdade de Teologia Nossa Senhora da Assun\u00e7\u00e3o, da arquidiocese de S\u00e3o Paulo, onde funcionam os Institutos de Filosofia Dom Fel\u00edcio e de Teologia Dom Miele.<\/p>\n","protected":false},"excerpt":{"rendered":"<p>A festa da Imaculada Concei\u00e7\u00e3o de Maria foi marcada ontem, 8, com a abertura da programa\u00e7\u00e3o comemorativa dos 50 anos de instala\u00e7\u00e3o do Semin\u00e1rio Maria Imaculada em Brodowski, da arquidiocese de Ribeir\u00e3o Preto. A data festejou tamb\u00e9m os 41 anos de ordena\u00e7\u00e3o presbiteral do arcebispo dom Joviano de Lima J\u00fanior.<\/p>\n","protected":false},"author":83,"featured_media":24803,"comment_status":"open","ping_status":"open","sticky":false,"template":"","format":"standard","meta":{"site-sidebar-layout":"default","site-content-layout":"default","ast-global-header-display":"","ast-banner-title-visibility":"","ast-main-header-display":"","ast-hfb-above-header-display":"","ast-hfb-below-header-display":"","ast-hfb-mobile-header-display":"","site-post-title":"","ast-breadcrumbs-content":"","ast-featured-img":"","footer-sml-layout":"","theme-transparent-header-meta":"","adv-header-id-meta":"","stick-header-meta":"","header-above-stick-meta":"","header-main-stick-meta":"","header-below-stick-meta":""},"categories":[769,772],"tags":[],"acf":[],"_links":{"self":[{"href":"https:\/\/www.cnbb.org.br\/cnbb-app\/wp\/v2\/posts\/24802"}],"collection":[{"href":"https:\/\/www.cnbb.org.br\/cnbb-app\/wp\/v2\/posts"}],"about":[{"href":"https:\/\/www.cnbb.org.br\/cnbb-app\/wp\/v2\/types\/post"}],"author":[{"embeddable":true,"href":"https:\/\/www.cnbb.org.br\/cnbb-app\/wp\/v2\/users\/83"}],"replies":[{"embeddable":true,"href":"https:\/\/www.cnbb.org.br\/cnbb-app\/wp\/v2\/comments?post=24802"}],"version-history":[{"count":0,"href":"https:\/\/www.cnbb.org.br\/cnbb-app\/wp\/v2\/posts\/24802\/revisions"}],"wp:featuredmedia":[{"embeddable":true,"href":"https:\/\/www.cnbb.org.br\/cnbb-app\/wp\/v2\/media\/24803"}],"wp:attachment":[{"href":"https:\/\/www.cnbb.org.br\/cnbb-app\/wp\/v2\/media?parent=24802"}],"wp:term":[{"taxonomy":"category","embeddable":true,"href":"https:\/\/www.cnbb.org.br\/cnbb-app\/wp\/v2\/categories?post=24802"},{"taxonomy":"post_tag","embeddable":true,"href":"https:\/\/www.cnbb.org.br\/cnbb-app\/wp\/v2\/tags?post=24802"}],"curies":[{"name":"wp","href":"https:\/\/api.w.org\/{rel}","templated":true}]}}