{"id":24815,"date":"2011-01-22T00:00:00","date_gmt":"2011-01-22T02:00:00","guid":{"rendered":"https:\/\/www.cnbb.org.br\/dioceses-de-toledo-e-santo-andre-aderem-a-campanha-em-favor-das-vitimas-das-enchentes-na-regiao-serrana-do-rio\/"},"modified":"2020-03-11T21:32:54","modified_gmt":"2020-03-12T00:32:54","slug":"dioceses-de-toledo-e-santo-andre-aderem-a-campanha-em-favor-das-vitimas-das-enchentes-na-regiao-serrana-do-rio","status":"publish","type":"post","link":"https:\/\/www.cnbb.org.br\/dioceses-de-toledo-e-santo-andre-aderem-a-campanha-em-favor-das-vitimas-das-enchentes-na-regiao-serrana-do-rio\/","title":{"rendered":"Dioceses de Toledo e Santo Andr\u00e9 aderem \u00e0 campanha em favor das v\u00edtimas das enchentes na Regi\u00e3o Serrana do Rio"},"content":{"rendered":"<p style=\"text-align: justify\">As dioceses de Toledo (PR) e Santo Andr\u00e9 (SP) aderiram \u00e0 campanha de ajuda \u00e0s v\u00edtimas das enchentes na Regi\u00e3o Serrana do Rio de Janeiro. O bispo de Toledo, dom Francisco Carlos Bach, emitiu uma carta circular a todas as par\u00f3quias da diocese em que convoca a comunidade diocesana a participar da Campanha SOS Sudeste da C\u00e1ritas Brasileira em parceria com a Confer\u00eancia Nacional dos Bispos do Brasil (CNBB).<\/p>\n<p><!--more--><\/p>\n<p style=\"text-align: justify\">Na carta, dom Francisco expressa a solidariedade de toda a diocese \u00e0s v\u00edtimas da cat\u00e1strofe natural que atingiu o Sudeste brasileiro. A iniciativa \u00e9 uma reposta \u00e0 convoca\u00e7\u00e3o da CNBB e da C\u00e1ritas ap\u00f3s o lan\u00e7amento da campanha em n\u00edvel nacional.<\/p>\n<p style=\"text-align: justify\">A diocese j\u00e1 organiza uma grande coleta em todas as par\u00f3quias, matriz e capelas, neste fim de semana, dias 22 e 23. Os valores recolhidos ser\u00e3o repassados pela diocese \u00e0 C\u00e1ritas Brasileira, respons\u00e1vel pela administra\u00e7\u00e3o das verbas de campanhas como essa. A diocese de Toledo divulga a conta banc\u00e1ria disponibilizada pela C\u00e1ritas Brasileira, para doa\u00e7\u00f5es em dinheiro.<\/p>\n<p style=\"text-align: justify\"><strong>Diocese de Santo Andr\u00e9<\/strong><\/p>\n<p style=\"text-align: justify\">O bispo diocesano de Santo Andr\u00e9, dom Nelson Westrupp, tamb\u00e9m se dirigiu \u00e0 diocese com o objetivo de ajudar as fam\u00edlias da Regi\u00e3o Serrana. Por meio de um apelo aos padres, di\u00e1conos, religiosos e todos os fi\u00e9is da diocese, ele pediu apoio \u00e0 campanha para as v\u00edtimas. \u2018\u201dComo em outras ocasi\u00f5es, a diocese de Santo Andr\u00e9 se solidariza com todas as fam\u00edlias e pessoas atingidas pelas chuvas e deslizamentos no Sudeste do Brasil. Fazemos um fraterno apelo para a generosidade dos cat\u00f3licos e demais pessoas do Grande ABC, a fim de encaminharem suas doa\u00e7\u00f5es, em dinheiro, \u00e0 conta espec\u00edfica da Diocese de Santo Andr\u00e9, como nosso gesto concreto de ajuda ao povo do Sudeste Brasileiro\u201d, frisou dom Nelson.<\/p>\n<p style=\"text-align: justify\">De acordo com as prefeituras da Regi\u00e3o Serrana do Rio, j\u00e1 h\u00e1 760 mortos na trag\u00e9dia: 365 em Nova Friburgo, 304 em Teres\u00f3polis, 64 em Petr\u00f3polis, 22 em Sumidouro, 6 em S\u00e3o Jos\u00e9 do Vale do Rio Preto e 1 em Bom Jardim [dados atualizados nesta sexta-feira, 21, \u00e0s 16h].<\/p>\n<p style=\"text-align: justify\">A diocese disponibilizou uma conta banc\u00e1ria para as doa\u00e7\u00f5es em dinheiro:<\/p>\n<p style=\"text-align: justify\"><strong>Mitra Diocesana de Santo Andr\u00e9 \u2013 CNPJ 57591349\/0001-62<\/strong><br \/>\n<strong>Banco do Brasil<\/strong><br \/>\nAg\u00eancia 0264 \u2013 X,<br \/>\nConta Corrente &#8211; 707-2<\/p>\n<p><a title=\"link\" href=\"imprensa\/noticias\/5644-igreja-se-mobiliza-para-ajudar-vitimas-das-enchentes-no-rio\"><span style=\"color: #3366ff\"><span style=\"text-decoration: underline\"><strong>Saiba como ajudar de outras formas<\/strong><\/span><\/span><\/a><\/p>\n","protected":false},"excerpt":{"rendered":"<p>As dioceses de Toledo (PR) e Santo Andr\u00e9 (SP) aderiram \u00e0 campanha de ajuda \u00e0s v\u00edtimas das enchentes na Regi\u00e3o Serrana do Rio de Janeiro. O bispo de Toledo, dom Francisco Carlos Bach, emitiu uma carta circular a todas as par\u00f3quias da diocese em que convoca a comunidade diocesana a participar da Campanha SOS Sudeste &hellip;<\/p>\n<p class=\"read-more\"> <a class=\"\" href=\"https:\/\/www.cnbb.org.br\/dioceses-de-toledo-e-santo-andre-aderem-a-campanha-em-favor-das-vitimas-das-enchentes-na-regiao-serrana-do-rio\/\"> <span class=\"screen-reader-text\">Dioceses de Toledo e Santo Andr\u00e9 aderem \u00e0 campanha em favor das v\u00edtimas das enchentes na Regi\u00e3o Serrana do Rio<\/span> Leia mais &raquo;<\/a><\/p>\n","protected":false},"author":83,"featured_media":24816,"comment_status":"open","ping_status":"open","sticky":false,"template":"","format":"standard","meta":{"site-sidebar-layout":"default","site-content-layout":"default","ast-global-header-display":"","ast-banner-title-visibility":"","ast-main-header-display":"","ast-hfb-above-header-display":"","ast-hfb-below-header-display":"","ast-hfb-mobile-header-display":"","site-post-title":"","ast-breadcrumbs-content":"","ast-featured-img":"","footer-sml-layout":"","theme-transparent-header-meta":"","adv-header-id-meta":"","stick-header-meta":"","header-above-stick-meta":"","header-main-stick-meta":"","header-below-stick-meta":""},"categories":[787,769,772,790],"tags":[],"acf":[],"_links":{"self":[{"href":"https:\/\/www.cnbb.org.br\/cnbb-app\/wp\/v2\/posts\/24815"}],"collection":[{"href":"https:\/\/www.cnbb.org.br\/cnbb-app\/wp\/v2\/posts"}],"about":[{"href":"https:\/\/www.cnbb.org.br\/cnbb-app\/wp\/v2\/types\/post"}],"author":[{"embeddable":true,"href":"https:\/\/www.cnbb.org.br\/cnbb-app\/wp\/v2\/users\/83"}],"replies":[{"embeddable":true,"href":"https:\/\/www.cnbb.org.br\/cnbb-app\/wp\/v2\/comments?post=24815"}],"version-history":[{"count":0,"href":"https:\/\/www.cnbb.org.br\/cnbb-app\/wp\/v2\/posts\/24815\/revisions"}],"wp:featuredmedia":[{"embeddable":true,"href":"https:\/\/www.cnbb.org.br\/cnbb-app\/wp\/v2\/media\/24816"}],"wp:attachment":[{"href":"https:\/\/www.cnbb.org.br\/cnbb-app\/wp\/v2\/media?parent=24815"}],"wp:term":[{"taxonomy":"category","embeddable":true,"href":"https:\/\/www.cnbb.org.br\/cnbb-app\/wp\/v2\/categories?post=24815"},{"taxonomy":"post_tag","embeddable":true,"href":"https:\/\/www.cnbb.org.br\/cnbb-app\/wp\/v2\/tags?post=24815"}],"curies":[{"name":"wp","href":"https:\/\/api.w.org\/{rel}","templated":true}]}}