{"id":248368,"date":"2020-09-09T09:07:13","date_gmt":"2020-09-09T12:07:13","guid":{"rendered":"https:\/\/www.cnbb.org.br\/?p=248368"},"modified":"2020-09-11T09:31:14","modified_gmt":"2020-09-11T12:31:14","slug":"o-grupo-de-reflexao-sobre-comunicacao-da-cnbb-realiza-primeira-reuniao-de-trabalho","status":"publish","type":"post","link":"https:\/\/www.cnbb.org.br\/o-grupo-de-reflexao-sobre-comunicacao-da-cnbb-realiza-primeira-reuniao-de-trabalho\/","title":{"rendered":"O Grupo de Reflex\u00e3o sobre Comunica\u00e7\u00e3o da CNBB realiza primeira reuni\u00e3o de trabalho"},"content":{"rendered":"<blockquote>\n<p style=\"text-align: justify;\">Participam do Grupo de Reflex\u00e3o sobre Comunica\u00e7\u00e3o da CNBB (Grecom) pesquisadores da \u00e1rea da comunica\u00e7\u00e3o, o coordenador nacional da Pascom, os assessores da Comiss\u00e3o Episcopal Pastoral para a Comunica\u00e7\u00e3o da CNBB e os bispos da Comiss\u00e3o<\/p>\n<\/blockquote>\n<p style=\"text-align: justify;\">O Grupo de Reflex\u00e3o sobre Comunica\u00e7\u00e3o da CNBB, o Grecom, reuniu-se pela primeira vez na \u00faltima sexta-feira, dia quatro de setembro, de forma virtual. No encontro, os participantes se apresentaram, discutiram a natureza e organiza\u00e7\u00e3o do Grecom, a rotina de trabalho e, como primeira miss\u00e3o, sugeriram ideias para o tema do Mutir\u00e3o de Comunica\u00e7\u00e3o 2021.<\/p>\n<p style=\"text-align: justify;\">S\u00e3o integrantes do Grecom os pesquisadores Andr\u00e9ia Gripp, Joana Puntel, Mois\u00e9s Sbardelotto, Mozahir Salom\u00e3o Bruck, Ricardo Alvarenga, al\u00e9m do coordenador nacional da Pascom, Marcus Tullius, os assessores da Comiss\u00e3o Episcopal Pastoral para a Comunica\u00e7\u00e3o da CNBB, Manuela Castro e Tiago Sibula, e os bispos da Comiss\u00e3o, dom Joaquim Mol e dom Edilson Nobre.<\/p>\n<p style=\"text-align: justify;\">O Grecom \u00e9 um grupo de reflex\u00e3o sobre comunica\u00e7\u00e3o, de natureza consultiva, como parte essencial da Comiss\u00e3o Episcopal Pastoral para a Comunica\u00e7\u00e3o da CNBB. Tem como objetivo aprofundar e atualizar, sempre que necess\u00e1rio, o Diret\u00f3rio de Comunica\u00e7\u00e3o da Igreja no Brasil, bem como outros documentos relativos a diretrizes da CNBB que digam respeito \u00e0 comunica\u00e7\u00e3o; refletir e estudar a comunica\u00e7\u00e3o e seus processos a partir da perspectiva crist\u00e3 e compartilhar conhecimentos da \u00e1rea com os envolvidos com a comunica\u00e7\u00e3o com a Igreja no Brasil.<\/p>\n","protected":false},"excerpt":{"rendered":"<p>Participam do Grupo de Reflex\u00e3o sobre Comunica\u00e7\u00e3o da CNBB (Grecom) pesquisadores da \u00e1rea da comunica\u00e7\u00e3o, o coordenador nacional da Pascom, os assessores da Comiss\u00e3o Episcopal Pastoral para a Comunica\u00e7\u00e3o da CNBB e os bispos da Comiss\u00e3o O Grupo de Reflex\u00e3o sobre Comunica\u00e7\u00e3o da CNBB, o Grecom, reuniu-se pela primeira vez na \u00faltima sexta-feira, dia quatro &hellip;<\/p>\n<p class=\"read-more\"> <a class=\"\" href=\"https:\/\/www.cnbb.org.br\/o-grupo-de-reflexao-sobre-comunicacao-da-cnbb-realiza-primeira-reuniao-de-trabalho\/\"> <span class=\"screen-reader-text\">O Grupo de Reflex\u00e3o sobre Comunica\u00e7\u00e3o da CNBB realiza primeira reuni\u00e3o de trabalho<\/span> Leia mais &raquo;<\/a><\/p>\n","protected":false},"author":83,"featured_media":248369,"comment_status":"open","ping_status":"open","sticky":false,"template":"","format":"standard","meta":{"site-sidebar-layout":"default","site-content-layout":"default","ast-global-header-display":"","ast-banner-title-visibility":"","ast-main-header-display":"","ast-hfb-above-header-display":"","ast-hfb-below-header-display":"","ast-hfb-mobile-header-display":"","site-post-title":"","ast-breadcrumbs-content":"","ast-featured-img":"","footer-sml-layout":"","theme-transparent-header-meta":"default","adv-header-id-meta":"","stick-header-meta":"","header-above-stick-meta":"","header-main-stick-meta":"","header-below-stick-meta":""},"categories":[878,50],"tags":[1408,2813,2814],"acf":[],"_links":{"self":[{"href":"https:\/\/www.cnbb.org.br\/cnbb-app\/wp\/v2\/posts\/248368"}],"collection":[{"href":"https:\/\/www.cnbb.org.br\/cnbb-app\/wp\/v2\/posts"}],"about":[{"href":"https:\/\/www.cnbb.org.br\/cnbb-app\/wp\/v2\/types\/post"}],"author":[{"embeddable":true,"href":"https:\/\/www.cnbb.org.br\/cnbb-app\/wp\/v2\/users\/83"}],"replies":[{"embeddable":true,"href":"https:\/\/www.cnbb.org.br\/cnbb-app\/wp\/v2\/comments?post=248368"}],"version-history":[{"count":0,"href":"https:\/\/www.cnbb.org.br\/cnbb-app\/wp\/v2\/posts\/248368\/revisions"}],"wp:featuredmedia":[{"embeddable":true,"href":"https:\/\/www.cnbb.org.br\/cnbb-app\/wp\/v2\/media\/248369"}],"wp:attachment":[{"href":"https:\/\/www.cnbb.org.br\/cnbb-app\/wp\/v2\/media?parent=248368"}],"wp:term":[{"taxonomy":"category","embeddable":true,"href":"https:\/\/www.cnbb.org.br\/cnbb-app\/wp\/v2\/categories?post=248368"},{"taxonomy":"post_tag","embeddable":true,"href":"https:\/\/www.cnbb.org.br\/cnbb-app\/wp\/v2\/tags?post=248368"}],"curies":[{"name":"wp","href":"https:\/\/api.w.org\/{rel}","templated":true}]}}