{"id":24839,"date":"2011-03-21T00:00:00","date_gmt":"2011-03-21T03:00:00","guid":{"rendered":"https:\/\/www.cnbb.org.br\/documento-de-estudos-101-da-cnbb-e-tema-de-formacao-em-sao-jose-dos-campos\/"},"modified":"2020-04-19T17:26:54","modified_gmt":"2020-04-19T20:26:54","slug":"documento-de-estudos-101-da-cnbb-e-tema-de-formacao-em-sao-jose-dos-campos","status":"publish","type":"post","link":"https:\/\/www.cnbb.org.br\/documento-de-estudos-101-da-cnbb-e-tema-de-formacao-em-sao-jose-dos-campos\/","title":{"rendered":"Documento de Estudos 101 da CNBB \u00e9 tema de forma\u00e7\u00e3o em S\u00e3o Jos\u00e9 dos Campos"},"content":{"rendered":"<p style=\"text-align: justify\">O rec\u00e9m lan\u00e7ado Documento de Estudos 101 da CNBB, \u201cA Comunica\u00e7\u00e3o na vida e miss\u00e3o da Igreja no Brasil\u201d, \u00e9 o tema da forma\u00e7\u00e3o, promovida pela Pastoral da Comunica\u00e7\u00e3o da diocese de S\u00e3o Jos\u00e9 dos Campos (SP), que acontece no pr\u00f3ximo dia 3 de abril. O evento ser\u00e1 conduzido pelo padre Evaldo C\u00e9sar de Souza, da TV Aparecida e pelo padre Edinei Evaldo Batista, assessor da Pascom e diretor do Departamento de Comunica\u00e7\u00e3o da diocese.<\/p>\n<p><!--more--><\/p>\n<p style=\"text-align: justify\">No encontro, ser\u00e1 feita uma an\u00e1lise do novo Estudo da CNBB, preparado pela Comiss\u00e3o Episcopal Pastoral para a Cultura, Educa\u00e7\u00e3o e Comunica\u00e7\u00e3o Social. O Estudo n\u00famero 101 foi lan\u00e7ado em fevereiro e j\u00e1 representa um importante subs\u00eddio para as reflex\u00f5es no campo da Comunica\u00e7\u00e3o, do qual toda a Igreja \u00e9 chamada a se conectar!<\/p>\n<p style=\"text-align: justify\">Segundo Marcos Vin\u00edcius Nogueira, coordenador diocesano da Pascom, este encontro vem responder ao chamado do S\u00ednodo Diocesano, que priorizou a comunica\u00e7\u00e3o como trabalho pastoral na diocese de S\u00e3o Jos\u00e9 dos Campos. \u201cO documento p\u00f3s-sinodal nos convoca a um aprofundamento de nossas responsabilidades na dinamiza\u00e7\u00e3o da Comunica\u00e7\u00e3o para o an\u00fancio da boa nova\u201d, afirma Marcos Vin\u00edcius.<\/p>\n<p style=\"text-align: justify\">A forma\u00e7\u00e3o \u00e9 voltada para Comunicadores, Catequistas e membros da Rede de Comunicadores Paroquiais e Pastorais da diocese, al\u00e9m de todos os agentes de pastorais, movimentos e organismos da diocesanos, interessados em se aprofundar no assunto.<\/p>\n<p style=\"text-align: justify\">Antes disso, no dia 27 de mar\u00e7o, a Pascom preparou uma forma\u00e7\u00e3o para novos agentes, na qual vai tratar sobre o que a Pastoral da Comunica\u00e7\u00e3o e, em seguida, os participantes ter\u00e3o oficinas com profissionais de R\u00e1dio, Jornal e Fotografia.<\/p>\n","protected":false},"excerpt":{"rendered":"<p>O rec\u00e9m lan\u00e7ado Documento de Estudos 101 da CNBB, \u201cA Comunica\u00e7\u00e3o na vida e miss\u00e3o da Igreja no Brasil\u201d, \u00e9 o tema da forma\u00e7\u00e3o, promovida pela Pastoral da Comunica\u00e7\u00e3o da diocese de S\u00e3o Jos\u00e9 dos Campos (SP), que acontece no pr\u00f3ximo dia 3 de abril. O evento ser\u00e1 conduzido pelo padre Evaldo C\u00e9sar de Souza, &hellip;<\/p>\n<p class=\"read-more\"> <a class=\"\" href=\"https:\/\/www.cnbb.org.br\/documento-de-estudos-101-da-cnbb-e-tema-de-formacao-em-sao-jose-dos-campos\/\"> <span class=\"screen-reader-text\">Documento de Estudos 101 da CNBB \u00e9 tema de forma\u00e7\u00e3o em S\u00e3o Jos\u00e9 dos Campos<\/span> Leia mais &raquo;<\/a><\/p>\n","protected":false},"author":83,"featured_media":0,"comment_status":"open","ping_status":"open","sticky":false,"template":"","format":"standard","meta":{"site-sidebar-layout":"default","site-content-layout":"default","ast-global-header-display":"","ast-banner-title-visibility":"","ast-main-header-display":"","ast-hfb-above-header-display":"","ast-hfb-below-header-display":"","ast-hfb-mobile-header-display":"","site-post-title":"","ast-breadcrumbs-content":"","ast-featured-img":"","footer-sml-layout":"","theme-transparent-header-meta":"","adv-header-id-meta":"","stick-header-meta":"","header-above-stick-meta":"","header-main-stick-meta":"","header-below-stick-meta":""},"categories":[878,1],"tags":[],"acf":[],"_links":{"self":[{"href":"https:\/\/www.cnbb.org.br\/cnbb-app\/wp\/v2\/posts\/24839"}],"collection":[{"href":"https:\/\/www.cnbb.org.br\/cnbb-app\/wp\/v2\/posts"}],"about":[{"href":"https:\/\/www.cnbb.org.br\/cnbb-app\/wp\/v2\/types\/post"}],"author":[{"embeddable":true,"href":"https:\/\/www.cnbb.org.br\/cnbb-app\/wp\/v2\/users\/83"}],"replies":[{"embeddable":true,"href":"https:\/\/www.cnbb.org.br\/cnbb-app\/wp\/v2\/comments?post=24839"}],"version-history":[{"count":0,"href":"https:\/\/www.cnbb.org.br\/cnbb-app\/wp\/v2\/posts\/24839\/revisions"}],"wp:attachment":[{"href":"https:\/\/www.cnbb.org.br\/cnbb-app\/wp\/v2\/media?parent=24839"}],"wp:term":[{"taxonomy":"category","embeddable":true,"href":"https:\/\/www.cnbb.org.br\/cnbb-app\/wp\/v2\/categories?post=24839"},{"taxonomy":"post_tag","embeddable":true,"href":"https:\/\/www.cnbb.org.br\/cnbb-app\/wp\/v2\/tags?post=24839"}],"curies":[{"name":"wp","href":"https:\/\/api.w.org\/{rel}","templated":true}]}}