{"id":248694,"date":"2020-09-13T12:25:19","date_gmt":"2020-09-13T15:25:19","guid":{"rendered":"https:\/\/www.cnbb.org.br\/?p=248694"},"modified":"2020-09-14T12:25:56","modified_gmt":"2020-09-14T15:25:56","slug":"feliz-idade","status":"publish","type":"post","link":"https:\/\/www.cnbb.org.br\/feliz-idade\/","title":{"rendered":"Feliz-idade!"},"content":{"rendered":"<p style=\"text-align: right;\"><strong>Cardeal Sergio da Rocha<\/strong><br \/>\n<strong>Arcebispo de Salvador<\/strong><\/p>\n<p style=\"text-align: justify;\">\n<p style=\"text-align: justify;\">Neste tempo de pandemia, as pessoas idosas t\u00eam assumido, com redobrado empenho, o cuidado da sa\u00fade. O fato de pertencer a grupos de risco, enquanto pessoa idosa, n\u00e3o diminui o sentido e a alegria de viver. Ao contr\u00e1rio, a pandemia t\u00eam levado muitos a valorizarem, ainda mais, a vida e a cuidar melhor da pr\u00f3pria sa\u00fade e da sa\u00fade de seus familiares. \u00a0Apesar da influ\u00eancia dos fatores sociais, \u00e9 fundamental a postura da pr\u00f3pria pessoa frente \u00e0 fase da vida em que se encontra. Corre-se o risco de exaltar uma fase da vida e desdenhar outra, em fun\u00e7\u00e3o de experi\u00eancias vividas ou a partir de paradigmas estabelecidos socialmente. Na realidade, cada idade tem suas potencialidades e limita\u00e7\u00f5es, alegrias e dificuldades. O desafio \u00e9 fazer da idade que se vive uma feliz idade depende n\u00e3o somente das oportunidades que a vida oferece, mas das posturas pessoais adotadas.<\/p>\n<p style=\"text-align: justify;\">\u00a0\u00a0\u00a0\u00a0\u00a0\u00a0\u00a0\u00a0\u00a0\u00a0\u00a0 Se n\u00e3o for poss\u00edvel experimentar a vida, ap\u00f3s os sessenta anos, como a \u201cmelhor idade\u201d, como muitos denominam, ser\u00e1 sempre muito v\u00e1lido torn\u00e1-la uma \u201cfeliz idade\u201d. Para tanto, muitas iniciativas t\u00eam sido desenvolvidas visando \u00e0 valoriza\u00e7\u00e3o e ao bem estar das pessoas idosas: avan\u00e7os na legisla\u00e7\u00e3o, com o Estatuto do Idoso, cursos oferecidos por universidades, acesso a computador e internet, projetos sociais e servi\u00e7os especializados para essa faixa et\u00e1ria, associa\u00e7\u00f5es e grupos de pessoas idosas, iniciativas das Igrejas, como a Pastoral da Pessoa Idosa. Fazer da \u201cterceira idade\u201d uma feliz idade \u00e9 tarefa pessoal que necessita tamb\u00e9m da sociedade em que vivemos, a come\u00e7ar do ambiente familiar, estendendo-se aos outros ambientes e situa\u00e7\u00f5es. A exig\u00eancia de pol\u00edticas p\u00fablicas adequadas em favor das pessoas idosas interpela, de modo especial, os poderes p\u00fablicos e pressup\u00f5e o exerc\u00edcio consciente da cidadania pela popula\u00e7\u00e3o. \u00c9 preciso assegurar os direitos das pessoas idosas, como a aposentadoria digna, e demonstrar afeto, gratid\u00e3o e respeito para com elas, no cotidiano.<\/p>\n<p style=\"text-align: justify;\">\u00a0\u00a0\u00a0\u00a0\u00a0\u00a0\u00a0\u00a0\u00a0\u00a0\u00a0 \u00a0O papel de cada pessoa neste processo \u00e9 insubstitu\u00edvel, pois a felicidade n\u00e3o depende apenas de fatores externos, mas do modo como se compreende e se vive a vida. A pessoa idosa n\u00e3o deve se deixar levar por estere\u00f3tipos e preconceitos, nem pela exalta\u00e7\u00e3o ing\u00eanua. \u00c9 importante cultivar uma postura serena e realista diante das normais limita\u00e7\u00f5es da idade, sem se acomodar. \u00c9 preciso reconhecer e desenvolver as potencialidades da vida, o seu rico e inesgot\u00e1vel dinamismo, continuando a crescer rumo ao amadurecimento, cada vez maior, afetivo, intelectual e espiritual. A viv\u00eancia da f\u00e9 em Deus anima cada pessoa em qualquer fase da vida, mas enriquece e fortalece ainda mais quem recebe o dom de chegar \u00e0 idade avan\u00e7ada e ilumina a tarefa de fazer dela uma \u201cfeliz-idade\u201d.<\/p>\n","protected":false},"excerpt":{"rendered":"<p>Cardeal Sergio da Rocha Arcebispo de Salvador Neste tempo de pandemia, as pessoas idosas t\u00eam assumido, com redobrado empenho, o cuidado da sa\u00fade. O fato de pertencer a grupos de risco, enquanto pessoa idosa, n\u00e3o diminui o sentido e a alegria de viver. Ao contr\u00e1rio, a pandemia t\u00eam levado muitos a valorizarem, ainda mais, a &hellip;<\/p>\n<p class=\"read-more\"> <a class=\"\" href=\"https:\/\/www.cnbb.org.br\/feliz-idade\/\"> <span class=\"screen-reader-text\">Feliz-idade!<\/span> Leia mais &raquo;<\/a><\/p>\n","protected":false},"author":78,"featured_media":0,"comment_status":"open","ping_status":"open","sticky":false,"template":"","format":"standard","meta":{"site-sidebar-layout":"default","site-content-layout":"default","ast-global-header-display":"","ast-banner-title-visibility":"","ast-main-header-display":"","ast-hfb-above-header-display":"","ast-hfb-below-header-display":"","ast-hfb-mobile-header-display":"","site-post-title":"","ast-breadcrumbs-content":"","ast-featured-img":"","footer-sml-layout":"","theme-transparent-header-meta":"default","adv-header-id-meta":"","stick-header-meta":"","header-above-stick-meta":"","header-main-stick-meta":"","header-below-stick-meta":""},"categories":[758],"tags":[],"acf":[],"_links":{"self":[{"href":"https:\/\/www.cnbb.org.br\/cnbb-app\/wp\/v2\/posts\/248694"}],"collection":[{"href":"https:\/\/www.cnbb.org.br\/cnbb-app\/wp\/v2\/posts"}],"about":[{"href":"https:\/\/www.cnbb.org.br\/cnbb-app\/wp\/v2\/types\/post"}],"author":[{"embeddable":true,"href":"https:\/\/www.cnbb.org.br\/cnbb-app\/wp\/v2\/users\/78"}],"replies":[{"embeddable":true,"href":"https:\/\/www.cnbb.org.br\/cnbb-app\/wp\/v2\/comments?post=248694"}],"version-history":[{"count":0,"href":"https:\/\/www.cnbb.org.br\/cnbb-app\/wp\/v2\/posts\/248694\/revisions"}],"wp:attachment":[{"href":"https:\/\/www.cnbb.org.br\/cnbb-app\/wp\/v2\/media?parent=248694"}],"wp:term":[{"taxonomy":"category","embeddable":true,"href":"https:\/\/www.cnbb.org.br\/cnbb-app\/wp\/v2\/categories?post=248694"},{"taxonomy":"post_tag","embeddable":true,"href":"https:\/\/www.cnbb.org.br\/cnbb-app\/wp\/v2\/tags?post=248694"}],"curies":[{"name":"wp","href":"https:\/\/api.w.org\/{rel}","templated":true}]}}