{"id":248824,"date":"2020-09-15T15:48:59","date_gmt":"2020-09-15T18:48:59","guid":{"rendered":"https:\/\/www.cnbb.org.br\/?p=248824"},"modified":"2020-09-15T15:48:59","modified_gmt":"2020-09-15T18:48:59","slug":"pastoral-da-educacao-e-pucrs-promovem-aula-aberta-sobre-suicidio","status":"publish","type":"post","link":"https:\/\/www.cnbb.org.br\/pastoral-da-educacao-e-pucrs-promovem-aula-aberta-sobre-suicidio\/","title":{"rendered":"Pastoral da Educa\u00e7\u00e3o e PUCRS promovem aula aberta sobre suic\u00eddio"},"content":{"rendered":"<p style=\"text-align: justify;\">No Brasil, em nove anos \u2013 entre 2007 e 2016 \u2013 o Minist\u00e9rio da Sa\u00fade registrou 106.374 \u00f3bitos por suic\u00eddio. S\u00f3 no \u00faltimo ano do per\u00edodo, a notifica\u00e7\u00e3o chegou em 11.433 mortes, com uma taxa de 5,7 por 100 mil habitantes.\u00a0Em todo o mundo, cerca de 800 mil pessoas morrem por suic\u00eddio todos os anos \u2013 um a cada 40 segundos! \u2013 fazendo desta a segunda causa de morte de jovens entre 15 e 29 anos no mundo e a quarta no Brasil. As estat\u00edsticas s\u00e3o desconfortantes e tamb\u00e9m inquietam.<\/p>\n<p style=\"text-align: justify;\">Atenta a esta realidade, provocada pelo contexto cada vez mais agravado, a Pastoral da Educa\u00e7\u00e3o do Regional Sul 3, em parceria com o Curso de P\u00f3s Gradua\u00e7\u00e3o em Teologia da PUCRS, promove no dia 23 de setembro, quarta-feira, \u00e0s 20h30min, uma aula aberta em formato de live, com o tema Se tem vida, tem jeito. O momento ser\u00e1 transmitido pelas redes (Facebook e YouTube) da CNBB Sul 3 e contar\u00e1 com a media\u00e7\u00e3o de Dom Leomar Brustolin, que recebe a Dra. Karina Okajima Fukumitsu, psic\u00f3loga suicidologista e p\u00f3s-doutora em Psicologia pela USP.<\/p>\n<p>Saiba mais: <a href=\"https:\/\/cnbbsul3.org.br\/pastoral-da-educacao-e-pucrs-promovem-aula-aberta-sobre-suicidio\/\" target=\"_blank\" rel=\"noopener\">www.cnbbsul3.org.br<\/a><\/p>\n","protected":false},"excerpt":{"rendered":"<p>No Brasil, em nove anos \u2013 entre 2007 e 2016 \u2013 o Minist\u00e9rio da Sa\u00fade registrou 106.374 \u00f3bitos por suic\u00eddio. S\u00f3 no \u00faltimo ano do per\u00edodo, a notifica\u00e7\u00e3o chegou em 11.433 mortes, com uma taxa de 5,7 por 100 mil habitantes.\u00a0Em todo o mundo, cerca de 800 mil pessoas morrem por suic\u00eddio todos os anos &hellip;<\/p>\n<p class=\"read-more\"> <a class=\"\" href=\"https:\/\/www.cnbb.org.br\/pastoral-da-educacao-e-pucrs-promovem-aula-aberta-sobre-suicidio\/\"> <span class=\"screen-reader-text\">Pastoral da Educa\u00e7\u00e3o e PUCRS promovem aula aberta sobre suic\u00eddio<\/span> Leia mais &raquo;<\/a><\/p>\n","protected":false},"author":83,"featured_media":248825,"comment_status":"open","ping_status":"open","sticky":false,"template":"","format":"standard","meta":{"site-sidebar-layout":"default","site-content-layout":"default","ast-global-header-display":"","ast-banner-title-visibility":"","ast-main-header-display":"","ast-hfb-above-header-display":"","ast-hfb-below-header-display":"","ast-hfb-mobile-header-display":"","site-post-title":"","ast-breadcrumbs-content":"","ast-featured-img":"","footer-sml-layout":"","theme-transparent-header-meta":"default","adv-header-id-meta":"","stick-header-meta":"","header-above-stick-meta":"","header-main-stick-meta":"","header-below-stick-meta":""},"categories":[790,769],"tags":[2824,2855],"acf":[],"_links":{"self":[{"href":"https:\/\/www.cnbb.org.br\/cnbb-app\/wp\/v2\/posts\/248824"}],"collection":[{"href":"https:\/\/www.cnbb.org.br\/cnbb-app\/wp\/v2\/posts"}],"about":[{"href":"https:\/\/www.cnbb.org.br\/cnbb-app\/wp\/v2\/types\/post"}],"author":[{"embeddable":true,"href":"https:\/\/www.cnbb.org.br\/cnbb-app\/wp\/v2\/users\/83"}],"replies":[{"embeddable":true,"href":"https:\/\/www.cnbb.org.br\/cnbb-app\/wp\/v2\/comments?post=248824"}],"version-history":[{"count":0,"href":"https:\/\/www.cnbb.org.br\/cnbb-app\/wp\/v2\/posts\/248824\/revisions"}],"wp:featuredmedia":[{"embeddable":true,"href":"https:\/\/www.cnbb.org.br\/cnbb-app\/wp\/v2\/media\/248825"}],"wp:attachment":[{"href":"https:\/\/www.cnbb.org.br\/cnbb-app\/wp\/v2\/media?parent=248824"}],"wp:term":[{"taxonomy":"category","embeddable":true,"href":"https:\/\/www.cnbb.org.br\/cnbb-app\/wp\/v2\/categories?post=248824"},{"taxonomy":"post_tag","embeddable":true,"href":"https:\/\/www.cnbb.org.br\/cnbb-app\/wp\/v2\/tags?post=248824"}],"curies":[{"name":"wp","href":"https:\/\/api.w.org\/{rel}","templated":true}]}}