{"id":249056,"date":"2020-09-18T11:45:57","date_gmt":"2020-09-18T14:45:57","guid":{"rendered":"https:\/\/www.cnbb.org.br\/?p=249056"},"modified":"2020-09-18T11:52:27","modified_gmt":"2020-09-18T14:52:27","slug":"a-festa-nacional-das-arvores","status":"publish","type":"post","link":"https:\/\/www.cnbb.org.br\/a-festa-nacional-das-arvores\/","title":{"rendered":"A Festa Nacional das \u00c1rvores"},"content":{"rendered":"<p style=\"text-align: right;\"><strong>Dom Roberto Francisco Ferreria Paz<\/strong><br \/>\n<strong>Bispo de Campos<\/strong><\/p>\n<p style=\"text-align: justify;\">\n<p style=\"text-align: justify;\">Pelo Decreto n\u00ba 55.795, de 24\/02\/1965, institui-se a Festa Anual das \u00c1rvores, celebrado dia 21de setembro, nas Regi\u00f5es Centro-Oeste, Sudeste e Sul. O segundo artigo desse decreto declara a finalidade deste evento: \u201cdifundir ensinamentos sobre a conserva\u00e7\u00e3o das florestas e estimular a pr\u00e1tica de tais ensinamentos, bem como divulgar a import\u00e2ncia das \u00e1rvores no processo da p\u00e1tria e no bem-estar dos cidad\u00e3os\u201d. Na letra do Hino Nacional Brasileiro, poema de Joaquim Os\u00f3rio Duque Estrada, cantamos com ervor na segunda parte: \u201cNossos bosques t\u00eam mais vida\u201d. Sim, porque a primeira e fundamental soberania \u00e9 a soberania da vida, e os bosques s\u00e3o sinal desta soberania primordial, pois de que adianta ser soberano onde n\u00e3o pode existir a vida.<\/p>\n<p style=\"text-align: justify;\">E o verde da nossa bandeira vem tamb\u00e9m refor\u00e7ar que nossas matas pertencem ao patrim\u00f4nio biol\u00f3gico de nossa querida P\u00e1tria, atestando a sustentabilidade dos biomas existentes.<\/p>\n<p style=\"text-align: justify;\">\u00c9 verdade que, desde o descobrimento o Brasil, tem sofrido muito com o desmatamento e com as queimadas que destru\u00edram grande parte da maior reserva florestal do planeta, mas, \u00e9 verdade tamb\u00e9m, que nos \u00faltimos tempos houve um recrudescimento alarmante, especialmente na Amaz\u00f4nia, no Cerrado e no Pantanal, sem deixar de recordar a antiga exuber\u00e2ncia da Mata Atl\u00e2ntica.<\/p>\n<p style=\"text-align: justify;\">Sem sombra de d\u00favidas, e a sombra tem a ver com \u00e1rvores, o desmatamento intencional prejudica gravemente a manuten\u00e7\u00e3o do equil\u00edbrio\u00a0 a natureza, destr\u00f3i o abrigo e o alimento \u00e0 fauna, desprotege o solo da eros\u00e3o e impede a purifica\u00e7\u00e3o do ar do planeta. Mesmo nas cidades, as \u00e1rvores amenizam e embelezam o paisagismo urbano, purificam o ar saturado de poluentes, significa o ninho do passaredo, e gera qualidade de vida em nossas pra\u00e7as. Neste tempo de cuidado da Cria\u00e7\u00e3o, defender a florestania, preservando matas e bosques, \u00e9 contribuir para uma vida saud\u00e1vel, harmoniosa e fraterna para com todas as criaturas. Que o Senhor Jesus, que morrendo numa Cruz, a instituiu como a \u00e1rvore da vida, nos ajude a estimular o plantio de \u00e1rvores e sanar a Terra, pois n\u00e3o venceremos a Pandemia do COVID, no ecoc\u00eddio e no desrespeito \u00e0 vida no planeta. Deus seja louvado!<\/p>\n<p>&nbsp;<\/p>\n<p>&nbsp;<\/p>\n","protected":false},"excerpt":{"rendered":"<p>Dom Roberto Francisco Ferreria Paz Bispo de Campos Pelo Decreto n\u00ba 55.795, de 24\/02\/1965, institui-se a Festa Anual das \u00c1rvores, celebrado dia 21de setembro, nas Regi\u00f5es Centro-Oeste, Sudeste e Sul. O segundo artigo desse decreto declara a finalidade deste evento: \u201cdifundir ensinamentos sobre a conserva\u00e7\u00e3o das florestas e estimular a pr\u00e1tica de tais ensinamentos, bem &hellip;<\/p>\n<p class=\"read-more\"> <a class=\"\" href=\"https:\/\/www.cnbb.org.br\/a-festa-nacional-das-arvores\/\"> <span class=\"screen-reader-text\">A Festa Nacional das \u00c1rvores<\/span> Leia mais &raquo;<\/a><\/p>\n","protected":false},"author":23,"featured_media":0,"comment_status":"open","ping_status":"open","sticky":false,"template":"","format":"standard","meta":{"site-sidebar-layout":"default","site-content-layout":"default","ast-global-header-display":"","ast-banner-title-visibility":"","ast-main-header-display":"","ast-hfb-above-header-display":"","ast-hfb-below-header-display":"","ast-hfb-mobile-header-display":"","site-post-title":"","ast-breadcrumbs-content":"","ast-featured-img":"","footer-sml-layout":"","theme-transparent-header-meta":"default","adv-header-id-meta":"","stick-header-meta":"","header-above-stick-meta":"","header-main-stick-meta":"","header-below-stick-meta":""},"categories":[758],"tags":[],"acf":[],"_links":{"self":[{"href":"https:\/\/www.cnbb.org.br\/cnbb-app\/wp\/v2\/posts\/249056"}],"collection":[{"href":"https:\/\/www.cnbb.org.br\/cnbb-app\/wp\/v2\/posts"}],"about":[{"href":"https:\/\/www.cnbb.org.br\/cnbb-app\/wp\/v2\/types\/post"}],"author":[{"embeddable":true,"href":"https:\/\/www.cnbb.org.br\/cnbb-app\/wp\/v2\/users\/23"}],"replies":[{"embeddable":true,"href":"https:\/\/www.cnbb.org.br\/cnbb-app\/wp\/v2\/comments?post=249056"}],"version-history":[{"count":0,"href":"https:\/\/www.cnbb.org.br\/cnbb-app\/wp\/v2\/posts\/249056\/revisions"}],"wp:attachment":[{"href":"https:\/\/www.cnbb.org.br\/cnbb-app\/wp\/v2\/media?parent=249056"}],"wp:term":[{"taxonomy":"category","embeddable":true,"href":"https:\/\/www.cnbb.org.br\/cnbb-app\/wp\/v2\/categories?post=249056"},{"taxonomy":"post_tag","embeddable":true,"href":"https:\/\/www.cnbb.org.br\/cnbb-app\/wp\/v2\/tags?post=249056"}],"curies":[{"name":"wp","href":"https:\/\/api.w.org\/{rel}","templated":true}]}}