{"id":249194,"date":"2020-09-19T11:14:48","date_gmt":"2020-09-19T14:14:48","guid":{"rendered":"https:\/\/www.cnbb.org.br\/?p=249194"},"modified":"2020-09-21T11:15:31","modified_gmt":"2020-09-21T14:15:31","slug":"trabalhadores-da-vinha-do-senhor","status":"publish","type":"post","link":"https:\/\/www.cnbb.org.br\/trabalhadores-da-vinha-do-senhor\/","title":{"rendered":"Trabalhadores da vinha do Senhor"},"content":{"rendered":"<p style=\"text-align: right;\"><strong>Cardeal Orani Jo\u00e3o Tempesta<br \/>\n<\/strong><strong>Arcebispo do Rio de Janeiro<\/strong><\/p>\n<p style=\"text-align: justify;\">\n<p style=\"text-align: justify;\">Seguimos no m\u00eas de setembro olhando de uma forma toda especial para a Palavra de Deus, neste m\u00eas que \u00e9 dedicado a aprofundarmos e conhecermos melhor este grande tesouro confiado \u00e0 vida da Igreja e \u00e0s nossas m\u00e3os. Conforma j\u00e1 recordamos em outras ocasi\u00f5es, em uni\u00e3o com as indica\u00e7\u00f5es da CNBB dirigimos o nosso olhar especialmente para o Livro do Deuteron\u00f4mio, livro indicado para que possa ser mais bem conhecido, mais bem aprofundado e assim contribuir de forma mais intensa para a nossa vida de f\u00e9.<\/p>\n<p style=\"text-align: justify;\">Tal indica\u00e7\u00e3o vem conduzida pela passagem B\u00edblica que, em uni\u00e3o com o tema da Campanha da Fraternidade deste ano, nos apresenta uma chave de leitura espec\u00edfica para o livro: \u201c<em>Abre tua m\u00e3o para o teu irm\u00e3o<\/em>\u201d (Dt 15,11). A Tradi\u00e7\u00e3o do Povo de Israel, que se forma pela presen\u00e7a do Senhor em seu meio, que caminha com ele, que o constitui como povo e faz uma alian\u00e7a de amor com ele, leva sempre consigo a dimens\u00e3o da comunh\u00e3o, do cuidado com o outro, em especial o cuidado da vi\u00fava e do \u00f3rf\u00e3o. No povo de Deus, o cuidado cm o outro \u00e9 reflexo fundamental do cuidado que Deus tem para com ele. A dimens\u00e3o social \u00e9 sempre uma marca fundamental da presen\u00e7a do Senhor em nosso meio.<\/p>\n<p style=\"text-align: justify;\">Se nos damos conta, com a leitura di\u00e1ria que nos \u00e9 cuidadosamente escolhida e oferecida pela Igreja na Liturgia, em dois anos com a\u00a0 leitura do ciclo\u00a0 ferial (leituras dos anos pares e \u00edmpares nos dias da semana) ou no ciclo de 3 anos da liturgia dominical ( Anos A, B e C) teremos lido praticamente toda a B\u00edblia, j\u00e1 que teremos tido contato com os textos fundamentais da hist\u00f3ria da salva\u00e7\u00e3o. Pouco, mas sempre: assim s\u00e3o as coisas fundamentais da vida. Assim deve ser tamb\u00e9m nosso contato com a Palavra de Deus: que a intensidade do nosso contato com Ele esteja na frequ\u00eancia e profundidade com que nos aproximamos dela, n\u00e3o da quantidade volumosa. A Palavra de Deus \u00e9 viva e basta uma \u00fanica Palavra para que toque os nossos cora\u00e7\u00f5es. Como \u00e9 bonito olhar o epis\u00f3dio da voca\u00e7\u00e3o do Evangelista Mateus (Mt 9, 9-13): o evangelho conta que ele estava sentado na coletoria de impostos quando foi olhado por Jesus que lhe dirige uma \u00fanica palavra: <em>Segue-me<\/em>. Esta \u00fanica Palavra traz a nova vida ao cora\u00e7\u00e3o de Mateus, que imediatamente se levanta e segue Jesus, acolhendo-o depois em sua casa. A experi\u00eancia de Mateus pode se repetir em nossas vidas se procuramos entrar em contato com a Palavra de Deus em comunh\u00e3o com o Esp\u00edrito pelo qual ela foi escrita. Aproveitemos o m\u00eas da B\u00edblia para recuperar nossa intimidade com a Palavra de Deus e recuperar pequenos costumes pr\u00e1ticos que manifestam a import\u00e2ncia da Palavra de Deus: quantas casas tem o costume de deixar a B\u00edblia aberta em um lugar vis\u00edvel da casa, cada dia com um salmo ou uma passagem diferente, mostrando e recordando que a Palavra de Deus \u00e9 luz para os nossos passos.\u00a0 Quantas fam\u00edlias que agora no contexto da pandemia voltaram a dedicar um tempo para ler o Evangelho do dia em comum; quantas crian\u00e7as tem descoberto a B\u00edblia e encontrado nela hist\u00f3rias que encantam em seus ensinamentos: Deixemos que o Esp\u00edrito Santo nos mostre novos caminhos de intimidade com a Palavra!.<\/p>\n<p style=\"text-align: justify;\">A palavra de Deus deste domingo nos recorda que o Reino de Deus tem par\u00e2metros diferentes daqueles que aprendemos em uma sociedade de consumo e recompensa. A primeira Leitura (Is 55, 6-9), tirada do profeta Isa\u00edas, recorda isso e maneira enf\u00e1tica: Meus pensamentos n\u00e3o s\u00e3o como os vossos pensamentos e vossos caminhos n\u00e3o s\u00e3o como os meus caminhos, diz o Senhor. Est\u00e3o meus caminhos t\u00e3o acima dos vossos caminhos e meus pensamentos acima dos vossos pensamentos, quanto est\u00e1 o c\u00e9u acima da terra.<\/p>\n<p style=\"text-align: justify;\">O Evangelho deste domingo (Mt 20, 1-16), na linha do que Deus proclamou por meio do profeta na primeira leitura, \u00a0vai nos contar a par\u00e1bola dos empregados chamados para trabalhar na Vinha do Senhor em diferentes momentos do dia e que ao final recebem todos a mesma paga, conforme tinha combinado com cada um deles; os que foram chamados primeiro se acham no direito de receber mais, mas o padr\u00e3o mostra que a sua l\u00f3gica \u00e9 diferente da deles e que ele, por ser o dono da vinha pode e deve utilizar de sua l\u00f3gica baseada numa generosidade abundante. A par\u00e1bola n\u00e3o que expressar para n\u00f3s uma quest\u00e3o e retribui\u00e7\u00e3o, mas sim a generosidade do dono da vinha e a liberalidade das suas a\u00e7\u00f5es. Tempo de Igreja n\u00e3o funciona como tempo de experi\u00eancia profissional. Tempo de caminhada na Igreja \u00e9 sim motivo de servirmos mais e de estarmos cada dia mais gratos ao Senhor pela grande oportunidade que \u00e9 trabalhar pelo seu Reino e alegrar-se pelos novos irm\u00e3os que abra\u00e7am a f\u00e9. Algu\u00e9m que viveu a vida de f\u00e9 desde a inf\u00e2ncia receber\u00e1 a mesma heran\u00e7a do Reino de algu\u00e9m que se arrepende de seus pecados no \u00faltimo instante da sua vida. A grande diferen\u00e7a \u00e9 o tempo com que cada um viveu a sua vida. Embora a recompensa final seja a mesma, o caminho trilhado, se foi trilhado no caminho do Senhor, seguramente foi um caminho diferente do que algu\u00e9m que desperdi\u00e7ou a sua vida buscando onde repousar seu cora\u00e7\u00e3o ou encontrar a raz\u00e3o da sua exist\u00eancia. O Evangelho n\u00e3o quer dizer com isso que devemos ent\u00e3o dedicar nossas vidas aos prazeres desregrados e s\u00f3 ao final da vida preocupar-se com as coisas de Deus: primeiro por que nenhum de n\u00f3s sabe o dia que nossa vida chegar\u00e1 ao fim; e depois, com toda certeza uma vida com Deus e orientada pela viv\u00eancia do bem \u00e9 muito melhor.<\/p>\n<p style=\"text-align: justify;\">Procuremos responder generosamente o Senhor quando Ele passa em nossas vidas, seja na inf\u00e2ncia ou seja em qualquer outro momento. Sejamos agradecidos ao Senhor que nos chama a servir no seu Reino, a participar das maravilhas do banquete celestial.<\/p>\n<p style=\"text-align: justify;\">Tudo isso vai fazer com que o Senhor seja glorificado, seja por meio de nossas vidas, seja por meio da nossa morte, como nos recorda a segunda leitura (Fl 1,20c-24.27\u00aa): <em>Cristo vai ser glorificado no meu corpo, seja pela minha vida, seja pela minha morte. Pois para mim, o viver \u00e9 Cristo e o morrer \u00e9 lucro.<\/em><\/p>\n<p style=\"text-align: justify;\">Portanto irm\u00e3os, o importante \u00e9 que independente das circunst\u00e2ncias de nossa vida, que vivamos com o Senhor. Que neste m\u00eas da B\u00edblia seja atualizada a presen\u00e7a de Deus em nossas vidas. Que o Senhor continue nos conduzindo nesse caminho de encontro com Ele.<\/p>\n","protected":false},"excerpt":{"rendered":"<p>Cardeal Orani Jo\u00e3o Tempesta Arcebispo do Rio de Janeiro Seguimos no m\u00eas de setembro olhando de uma forma toda especial para a Palavra de Deus, neste m\u00eas que \u00e9 dedicado a aprofundarmos e conhecermos melhor este grande tesouro confiado \u00e0 vida da Igreja e \u00e0s nossas m\u00e3os. Conforma j\u00e1 recordamos em outras ocasi\u00f5es, em uni\u00e3o &hellip;<\/p>\n<p class=\"read-more\"> <a class=\"\" href=\"https:\/\/www.cnbb.org.br\/trabalhadores-da-vinha-do-senhor\/\"> <span class=\"screen-reader-text\">Trabalhadores da vinha do Senhor<\/span> Leia mais &raquo;<\/a><\/p>\n","protected":false},"author":31,"featured_media":0,"comment_status":"open","ping_status":"open","sticky":false,"template":"","format":"standard","meta":{"site-sidebar-layout":"default","site-content-layout":"default","ast-global-header-display":"","ast-banner-title-visibility":"","ast-main-header-display":"","ast-hfb-above-header-display":"","ast-hfb-below-header-display":"","ast-hfb-mobile-header-display":"","site-post-title":"","ast-breadcrumbs-content":"","ast-featured-img":"","footer-sml-layout":"","theme-transparent-header-meta":"default","adv-header-id-meta":"","stick-header-meta":"","header-above-stick-meta":"","header-main-stick-meta":"","header-below-stick-meta":""},"categories":[758],"tags":[],"acf":[],"_links":{"self":[{"href":"https:\/\/www.cnbb.org.br\/cnbb-app\/wp\/v2\/posts\/249194"}],"collection":[{"href":"https:\/\/www.cnbb.org.br\/cnbb-app\/wp\/v2\/posts"}],"about":[{"href":"https:\/\/www.cnbb.org.br\/cnbb-app\/wp\/v2\/types\/post"}],"author":[{"embeddable":true,"href":"https:\/\/www.cnbb.org.br\/cnbb-app\/wp\/v2\/users\/31"}],"replies":[{"embeddable":true,"href":"https:\/\/www.cnbb.org.br\/cnbb-app\/wp\/v2\/comments?post=249194"}],"version-history":[{"count":0,"href":"https:\/\/www.cnbb.org.br\/cnbb-app\/wp\/v2\/posts\/249194\/revisions"}],"wp:attachment":[{"href":"https:\/\/www.cnbb.org.br\/cnbb-app\/wp\/v2\/media?parent=249194"}],"wp:term":[{"taxonomy":"category","embeddable":true,"href":"https:\/\/www.cnbb.org.br\/cnbb-app\/wp\/v2\/categories?post=249194"},{"taxonomy":"post_tag","embeddable":true,"href":"https:\/\/www.cnbb.org.br\/cnbb-app\/wp\/v2\/tags?post=249194"}],"curies":[{"name":"wp","href":"https:\/\/api.w.org\/{rel}","templated":true}]}}