{"id":249198,"date":"2020-09-19T11:19:01","date_gmt":"2020-09-19T14:19:01","guid":{"rendered":"https:\/\/www.cnbb.org.br\/?p=249198"},"modified":"2020-09-21T11:19:33","modified_gmt":"2020-09-21T14:19:33","slug":"ide-para-minha-vinha","status":"publish","type":"post","link":"https:\/\/www.cnbb.org.br\/ide-para-minha-vinha\/","title":{"rendered":"Ide para minha vinha"},"content":{"rendered":"<p style=\"text-align: right;\"><strong>Cardeal Orani Jo\u00e3o Tempesta<br \/>\n<\/strong><strong>Arcebispo do Rio de Janeiro (RJ)<\/strong><\/p>\n<p style=\"text-align: justify;\">\n<p style=\"text-align: justify;\">Neste final de semana, celebramos o XXV Domingo deste Tempo Comum. Ap\u00f3s ouvirmos nestas \u00faltimas datas, a liturgia ressaltar a import\u00e2ncia do perd\u00e3o, sobretudo o perd\u00e3o que eu recebo gratuitamente de Deus e dou para o meu pr\u00f3ximo.<\/p>\n<p style=\"text-align: justify;\">A liturgia ressalta a import\u00e2ncia do Reino de Deus, que nada mais \u00e9 do que a extens\u00e3o do perd\u00e3o. O Reino de Deus \u00e9 justi\u00e7a, paz, amor e perd\u00e3o, ou seja, \u00e9 tudo aquilo que Jesus Cristo anunciava. N\u00f3s somos convidados a construir esse Reino aqui na Terra e a viv\u00ea-lo de maneira concreta na vida eterna.<\/p>\n<p style=\"text-align: justify;\">Por isso, ouvimos, durante algumas semanas, falar de maneira concreta sobre o perd\u00e3o e, agora, sobre o Reino de Deus. Aos poucos, conforme vamos chegando ao final do ano lit\u00fargico, Jesus Cristo vai deixando claro o que \u00e9, Ele pr\u00f3prio, esse Reino de Deus e como podemos vivenci\u00e1-lo. Ele deixa claro que veio para anunciar a miseric\u00f3rdia de Deus por meio do Reino de Deus. Ele tamb\u00e9m mostra que esse Reino n\u00e3o vem de maneira ostensiva, mas \u00e9 constru\u00eddo no silencio e sua principal \u201carma\u201d, que \u00e9 o amor.<\/p>\n<p style=\"text-align: justify;\">Que a liturgia deste final de semana renove em n\u00f3s o desejo e o compromisso de anunciarmos esse Reino e de ser sal da terra e luz do mundo, cumprindo assim a miss\u00e3o que recebemos com o nosso batismo e a voca\u00e7\u00e3o para a qual Deus nos chamou.<\/p>\n<p style=\"text-align: justify;\">Na primeira leitura <em>(Is 55,6-9), <\/em>o alerta \u00e9 para que busquemos o Senhor enquanto h\u00e1 tempo. O autor sagrado dirige sua mensagem para os \u00edmpios e injustos, para que deixem as a\u00e7\u00f5es que desagradam ao Senhor e que o busquem de todo cora\u00e7\u00e3o, pois o Senhor \u00e9 generoso no seu perd\u00e3o \u2014 novamente aqui o alerta sobre a import\u00e2ncia do perd\u00e3o por meio do qual se constr\u00f3i o Reino de Deus.<\/p>\n<p style=\"text-align: justify;\">O Salmo Responsorial &#8211; 144 (145) &#8211; nos diz em seu refr\u00e3o: \u201cO Senhor est\u00e1 perto da pessoa que o invoca\u201d, ou seja, o Senhor est\u00e1 perto daquele que o invoca lealmente, pedindo o seu perd\u00e3o generoso e anunciando o Reino de Deus, praticando a justi\u00e7a e a miseric\u00f3rdia, que \u00e9 aquilo que de fato o Senhor \u00e9.<\/p>\n<p style=\"text-align: justify;\">Na segunda leitura <em>(Fl 1,20c-24.27a),<\/em> o ap\u00f3stolo anuncia as duas dimens\u00f5es do Reino de Deus: o j\u00e1 e o ainda n\u00e3o \u2014 ou seja, constru\u00ed-lo aqui na Terra vivendo o evangelho no dia a dia e de maneira concreta no c\u00e9u.<\/p>\n<p style=\"text-align: justify;\">No evangelho <em>(Mt 20,1-16a), <\/em>Jesus Cristo explica o que \u00e9 o Reino dos c\u00e9us e conta-lhes uma par\u00e1bola sobre um patr\u00e3o que sai em busca de empregados para trabalhar em sua vinha. Depois, acerta a conta com esses empregados come\u00e7ando com quem foi contratado por \u00faltimo. \u00c9 claro que, quem foi contratado primeiro, n\u00e3o gosta de receber a mesma quantia de quem foi contratado por \u00faltimo e questiona o patr\u00e3o. O patr\u00e3o diz que queria dar a mesma quantia para todos.<\/p>\n<p style=\"text-align: justify;\">O que Jesus Cristo nos ensina com essa par\u00e1bola? Que os primeiros ser\u00e3o os \u00faltimos e os \u00faltimos ser\u00e3o os primeiros e que todos t\u00eam lugar no Reino dos C\u00e9us e que receberemos a nossa recompensa na vida eterna de acordo com as a\u00e7\u00f5es que fazemos aqui na Terra. Se n\u00f3s constru\u00edmos o amor, a justi\u00e7a e o perd\u00e3o, receberemos tudo isso na vida eterna.<\/p>\n<p style=\"text-align: justify;\">Vivamos na esperan\u00e7a de alcan\u00e7ar o Reino dos C\u00e9us e que o Senhor nos retribua de acordo com a nossa conduta, ou seja, devemos construir esse Reino aqui, para viv\u00ea-lo de maneira plena no c\u00e9u. Abramos o nosso cora\u00e7\u00e3o \u00e0 Palavra de Deus nesse m\u00eas dedicado \u00e0 ela (m\u00eas da B\u00edblia). Que \u00e0 medida que a ouvimos, possamos coloc\u00e1-la em pr\u00e1tica na nossa vida di\u00e1ria.<\/p>\n<p style=\"text-align: justify;\">Deus nos aben\u00e7oe e nos ajude a come\u00e7ar a construir aqui na Terra o seu Reino, e que possamos ser recompensados de acordo com nossas obras na vida eterna. Vamos acompanhando a cada domingo o que o Senhor quer nos dizer na liturgia, mostrando o caminho do amor e do perd\u00e3o.<\/p>\n<p>&nbsp;<\/p>\n<p>&nbsp;<\/p>\n","protected":false},"excerpt":{"rendered":"<p>Cardeal Orani Jo\u00e3o Tempesta Arcebispo do Rio de Janeiro (RJ) Neste final de semana, celebramos o XXV Domingo deste Tempo Comum. Ap\u00f3s ouvirmos nestas \u00faltimas datas, a liturgia ressaltar a import\u00e2ncia do perd\u00e3o, sobretudo o perd\u00e3o que eu recebo gratuitamente de Deus e dou para o meu pr\u00f3ximo. A liturgia ressalta a import\u00e2ncia do Reino &hellip;<\/p>\n<p class=\"read-more\"> <a class=\"\" href=\"https:\/\/www.cnbb.org.br\/ide-para-minha-vinha\/\"> <span class=\"screen-reader-text\">Ide para minha vinha<\/span> Leia mais &raquo;<\/a><\/p>\n","protected":false},"author":31,"featured_media":0,"comment_status":"open","ping_status":"open","sticky":false,"template":"","format":"standard","meta":{"site-sidebar-layout":"default","site-content-layout":"default","ast-global-header-display":"","ast-banner-title-visibility":"","ast-main-header-display":"","ast-hfb-above-header-display":"","ast-hfb-below-header-display":"","ast-hfb-mobile-header-display":"","site-post-title":"","ast-breadcrumbs-content":"","ast-featured-img":"","footer-sml-layout":"","theme-transparent-header-meta":"default","adv-header-id-meta":"","stick-header-meta":"","header-above-stick-meta":"","header-main-stick-meta":"","header-below-stick-meta":""},"categories":[758],"tags":[],"acf":[],"_links":{"self":[{"href":"https:\/\/www.cnbb.org.br\/cnbb-app\/wp\/v2\/posts\/249198"}],"collection":[{"href":"https:\/\/www.cnbb.org.br\/cnbb-app\/wp\/v2\/posts"}],"about":[{"href":"https:\/\/www.cnbb.org.br\/cnbb-app\/wp\/v2\/types\/post"}],"author":[{"embeddable":true,"href":"https:\/\/www.cnbb.org.br\/cnbb-app\/wp\/v2\/users\/31"}],"replies":[{"embeddable":true,"href":"https:\/\/www.cnbb.org.br\/cnbb-app\/wp\/v2\/comments?post=249198"}],"version-history":[{"count":0,"href":"https:\/\/www.cnbb.org.br\/cnbb-app\/wp\/v2\/posts\/249198\/revisions"}],"wp:attachment":[{"href":"https:\/\/www.cnbb.org.br\/cnbb-app\/wp\/v2\/media?parent=249198"}],"wp:term":[{"taxonomy":"category","embeddable":true,"href":"https:\/\/www.cnbb.org.br\/cnbb-app\/wp\/v2\/categories?post=249198"},{"taxonomy":"post_tag","embeddable":true,"href":"https:\/\/www.cnbb.org.br\/cnbb-app\/wp\/v2\/tags?post=249198"}],"curies":[{"name":"wp","href":"https:\/\/api.w.org\/{rel}","templated":true}]}}