{"id":249295,"date":"2020-09-22T12:37:36","date_gmt":"2020-09-22T15:37:36","guid":{"rendered":"https:\/\/www.cnbb.org.br\/?p=249295"},"modified":"2020-09-22T12:37:36","modified_gmt":"2020-09-22T15:37:36","slug":"igreja-e-governo-firmam-compromisso-para-solucionar-conflito-de-terra-em-pe","status":"publish","type":"post","link":"https:\/\/www.cnbb.org.br\/igreja-e-governo-firmam-compromisso-para-solucionar-conflito-de-terra-em-pe\/","title":{"rendered":"Igreja e governo firmam compromisso para solucionar conflito de terra em PE"},"content":{"rendered":"<p class=\"x_MsoNormal\" style=\"text-align: justify;\">A Comiss\u00e3o Regional Pastoral para a A\u00e7\u00e3o Sociotransformadora da CNBB NE2 levou ao governador de Pernambuco, Paulo C\u00e2mara, den\u00fancias de amea\u00e7as e viola\u00e7\u00e3o dos direitos contra cerca de 5.000 agricultores residentes em pelo menos nove comunidades, na zona da mata sul do Estado. Em meio \u00e0 pandemia de coronav\u00edrus, os camponeses h\u00e1 meses v\u00eam sofrendo com a\u00e7\u00f5es violentas como a\u00a0<a href=\"https:\/\/cnbbne2.org.br\/cpt-ne2-denuncia-chuva-de-veneno-em-plantacoes-no-interior-de-pernambuco\/\" target=\"_blank\" rel=\"noopener noreferrer\" data-auth=\"NotApplicable\"><b>destrui\u00e7\u00e3o de lavouras<\/b><\/a>\u00a0e at\u00e9 atentados contra a vida, tudo isso sob o comando de empresas dos setores agropecu\u00e1rio e imobili\u00e1rio.<\/p>\n<p class=\"x_MsoNormal\" style=\"text-align: justify;\">A audi\u00eancia foi realizada no Pal\u00e1cio do Campo das Princesas, sede do governo pernambucano, no Recife, nesta segunda-feira (21). Al\u00e9m do articulador da comiss\u00e3o das Pastorais Sociais, di\u00e1cono Jaime Bomfim, estiveram presentes o arcebispo metropolitano de\u00a0<a href=\"https:\/\/www.arquidioceseolindarecife.org\/\" target=\"_blank\" rel=\"noopener noreferrer\" data-auth=\"NotApplicable\"><b>Olinda e Recife<\/b><\/a>, dom Fernando Saburido, e o representante da\u00a0<a href=\"http:\/\/diocesepalmares.com.br\/\" target=\"_blank\" rel=\"noopener noreferrer\" data-auth=\"NotApplicable\"><b>Diocese de Palmares (PE)<\/b><\/a>, padre Agivaldo Lessa.<\/p>\n<p><a href=\"http:\/\/cnbbne2.org.br\/igreja-e-governo-firmam-compromisso-para-solucionar-conflito-de-terra-em-pe\/\" target=\"_blank\" rel=\"noopener\">Leia a not\u00edcia na \u00edntegra.\u00a0<\/a><\/p>\n","protected":false},"excerpt":{"rendered":"<p>A Comiss\u00e3o Regional Pastoral para a A\u00e7\u00e3o Sociotransformadora da CNBB NE2 levou ao governador de Pernambuco, Paulo C\u00e2mara, den\u00fancias de amea\u00e7as e viola\u00e7\u00e3o dos direitos contra cerca de 5.000 agricultores residentes em pelo menos nove comunidades, na zona da mata sul do Estado. Em meio \u00e0 pandemia de coronav\u00edrus, os camponeses h\u00e1 meses v\u00eam sofrendo &hellip;<\/p>\n<p class=\"read-more\"> <a class=\"\" href=\"https:\/\/www.cnbb.org.br\/igreja-e-governo-firmam-compromisso-para-solucionar-conflito-de-terra-em-pe\/\"> <span class=\"screen-reader-text\">Igreja e governo firmam compromisso para solucionar conflito de terra em PE<\/span> Leia mais &raquo;<\/a><\/p>\n","protected":false},"author":83,"featured_media":249296,"comment_status":"open","ping_status":"open","sticky":false,"template":"","format":"standard","meta":{"site-sidebar-layout":"default","site-content-layout":"default","ast-global-header-display":"","ast-banner-title-visibility":"","ast-main-header-display":"","ast-hfb-above-header-display":"","ast-hfb-below-header-display":"","ast-hfb-mobile-header-display":"","site-post-title":"","ast-breadcrumbs-content":"","ast-featured-img":"","footer-sml-layout":"","theme-transparent-header-meta":"default","adv-header-id-meta":"","stick-header-meta":"","header-above-stick-meta":"","header-main-stick-meta":"","header-below-stick-meta":""},"categories":[770],"tags":[1314,1907],"acf":[],"_links":{"self":[{"href":"https:\/\/www.cnbb.org.br\/cnbb-app\/wp\/v2\/posts\/249295"}],"collection":[{"href":"https:\/\/www.cnbb.org.br\/cnbb-app\/wp\/v2\/posts"}],"about":[{"href":"https:\/\/www.cnbb.org.br\/cnbb-app\/wp\/v2\/types\/post"}],"author":[{"embeddable":true,"href":"https:\/\/www.cnbb.org.br\/cnbb-app\/wp\/v2\/users\/83"}],"replies":[{"embeddable":true,"href":"https:\/\/www.cnbb.org.br\/cnbb-app\/wp\/v2\/comments?post=249295"}],"version-history":[{"count":0,"href":"https:\/\/www.cnbb.org.br\/cnbb-app\/wp\/v2\/posts\/249295\/revisions"}],"wp:featuredmedia":[{"embeddable":true,"href":"https:\/\/www.cnbb.org.br\/cnbb-app\/wp\/v2\/media\/249296"}],"wp:attachment":[{"href":"https:\/\/www.cnbb.org.br\/cnbb-app\/wp\/v2\/media?parent=249295"}],"wp:term":[{"taxonomy":"category","embeddable":true,"href":"https:\/\/www.cnbb.org.br\/cnbb-app\/wp\/v2\/categories?post=249295"},{"taxonomy":"post_tag","embeddable":true,"href":"https:\/\/www.cnbb.org.br\/cnbb-app\/wp\/v2\/tags?post=249295"}],"curies":[{"name":"wp","href":"https:\/\/api.w.org\/{rel}","templated":true}]}}