{"id":249375,"date":"2020-09-23T11:00:07","date_gmt":"2020-09-23T14:00:07","guid":{"rendered":"https:\/\/www.cnbb.org.br\/?p=249375"},"modified":"2020-09-23T11:01:04","modified_gmt":"2020-09-23T14:01:04","slug":"exortacao-apostolica-verbum-domini-a-palavra-de-deus-na-vida-e-na-missao-da-igreja","status":"publish","type":"post","link":"https:\/\/www.cnbb.org.br\/exortacao-apostolica-verbum-domini-a-palavra-de-deus-na-vida-e-na-missao-da-igreja\/","title":{"rendered":"Exorta\u00e7\u00e3o Apost\u00f3lica &#8220;Verbum Domini&#8221;: A Palavra de Deus na Vida e na Miss\u00e3o da Igreja"},"content":{"rendered":"<p style=\"text-align: right;\"><span style=\"color: #000000;\"><b>Dom Antonio de Assis Ribeiro<\/b><\/span><br \/>\n<span style=\"color: #000000;\"><b>Bispo Auxiliar de Bel\u00e9m do Par\u00e1<\/b><\/span><\/p>\n<p>&nbsp;<\/p>\n<p style=\"text-align: justify;\"><strong>Introdu\u00e7\u00e3o<\/strong><\/p>\n<p style=\"text-align: justify;\">Caminhando para a conclus\u00e3o do m\u00eas da B\u00edblia, quero propor-lhe, uma leitura ou releitura da Exorta\u00e7\u00e3o Apost\u00f3lica &#8220;Verbum Domini&#8221;, do Papa Bento XVI sobre a Palavra de Deus na vida e na miss\u00e3o da Igreja (setembro de 2010). A partir do Conc\u00edlio Vaticano II intensificou-se na Igreja os est\u00edmulos para que os cat\u00f3licos conhe\u00e7am a Palavra de Deus e dela se alimentem cotidianamente. A\u00a0<a href=\"http:\/\/www.vatican.va\/roman_curia\/synod\/index_po.htm#XII_Assembl%C3%A9ia_Geral_Ordin%C3%A1ria_do_S%C3%ADnodo_dos_Bispos\" target=\"_blank\" rel=\"noopener\">XII Assembleia Geral Ordin\u00e1ria do S\u00ednodo dos Bispos, que aconteceu no Vaticano de 5 a 26 de Outubro de 2008<\/a>, teve como tema\u00a0<em>A Palavra de Deus na vida e na miss\u00e3o da Igreja<\/em>.<\/p>\n<p style=\"text-align: justify;\">No ano 2010, o Papa Bento XVI presenteou a Igreja com uma linda Exorta\u00e7\u00e3o Apost\u00f3lica. Nela manifestou seu desejo de indicar <em>\u201clinhas fundamentais para uma redescoberta, na vida da Igreja, da Palavra divina, fonte de constante renova\u00e7\u00e3o, com a esperan\u00e7a de que a mesma se torne cada vez mais o cora\u00e7\u00e3o de toda a atividade eclesial\u201d<\/em> (N.1).<\/p>\n<p style=\"text-align: justify;\">O documento \u00e9 composto por uma introdu\u00e7\u00e3o, tr\u00eas partes e uma conclus\u00e3o. Neste artigo pretendo ressaltar alguns aspectos significativos desse bonito documento, estimulando, sobretudo os leigos cat\u00f3licos, a tomarem conhecimento do mesmo, usufruindo da sua riqueza e de seu estimulante conte\u00fado.<\/p>\n<p><strong>Encontro pessoal com a Palavra <\/strong><\/p>\n<p style=\"text-align: justify;\">Na introdu\u00e7\u00e3o (N. 1-5), o Papa deseja que a Exorta\u00e7\u00e3o estimule a redescoberta da Palavra divina como fonte de constante renova\u00e7\u00e3o da vida da Igreja e espera que, cada vez mais, a Palavra de Deus se torne o cora\u00e7\u00e3o de toda a atividade eclesial. A Palavra do Senhor permanece eternamente. A Palavra que a Igreja anuncia \u00e9 o pr\u00f3prio Filho de Deus, que desde o princ\u00edpio est\u00e1 junto de Deus, fez-Se carne e veio habitar entre n\u00f3s (cf. Jo 1,14; 1Jo 1,2-3).<\/p>\n<p style=\"text-align: justify;\">Al\u00e9m disso, o papa desejou estimular os fi\u00e9is cat\u00f3licos a serem anunciadores da Palavra para que o dom da vida divina seja conhecido em todo o mundo. \u00c9 preciso renovar o sentimento de alegria que deriva do encontro com a Pessoa de Cristo, Palavra de Deus presente no meio de n\u00f3s e confessarmos como Pedro que s\u00f3 Ele tem \u00abpalavras de vida eterna\u00bb (Jo 6,68).<\/p>\n<p><strong>A Palavra de Deus se comunica <\/strong><\/p>\n<p style=\"text-align: justify;\">Na I Parte do referido documento (cf. N. 6-49) o papa Bento insiste no dinamismo da Palavra de Deus; Deus se Comunica entrando em di\u00e1logo conosco. A novidade da revela\u00e7\u00e3o b\u00edblica consiste no fato de que Deus se d\u00e1 a conhecer no di\u00e1logo que deseja ter conosco. Deus invis\u00edvel, na riqueza do seu amor, fala aos homens como a amigos, convive com eles e os convidar \u00e0 comunh\u00e3o com Ele. O Filho unig\u00eanito, gerado pelo Pai antes de todos os s\u00e9culos tem a mesma natureza do Pai (\u00e9 consubstancial a Ele). Por isso, Jesus Cristo, nascido da Virgem Maria, \u00e9 realmente o Verbo de Deus que se fez consubstancial (igual em natureza) a n\u00f3s.<\/p>\n<p style=\"text-align: justify;\">Veneramos extremamente as Sagradas Escrituras, apesar da f\u00e9 crist\u00e3 n\u00e3o ser uma \u00abreligi\u00e3o do Livro\u00bb: o cristianismo \u00e9 a \u00abreligi\u00e3o da Palavra de Deus\u00bb. A Sagrada Escritura deve ser proclamada, escutada, lida, acolhida e vivida como Palavra de Deus, no sulco da Tradi\u00e7\u00e3o Apost\u00f3lica de que \u00e9 insepar\u00e1vel.<\/p>\n<p style=\"text-align: justify;\">A Palavra de Deus tem m\u00faltiplas dimens\u00f5es: <em>c\u00f3smica,<\/em> porque tudo come\u00e7ou a existir por meio d\u2019Ela, e, sem Ela, nada foi criado (cf. Gn 1; Jo 1,3) por isso, ela nos convida a conhecer o Criador; tem uma <em>dimens\u00e3o ecol\u00f3gica<\/em> pois nos revela plenamente o significado de cada criatura; tem uma <em>dimens\u00e3o cristol\u00f3gica<\/em>, pois nela podemos contemplar o rosto de Jesus de Nazar\u00e9; a Palavra de Deus tamb\u00e9m tem uma <em>dimens\u00e3o escatol\u00f3gica<\/em> pois Jesus Cristo nos deu a conhecer o sentido definitivo da cria\u00e7\u00e3o e da hist\u00f3ria. Todo esse dinamismo da Palavra e seu sentido s\u00f3 podem ser entendidos atrav\u00e9s do Esp\u00edrito Santo (cf. N.15-20). A Palavra de Deus est\u00e1 em \u00edntima rela\u00e7\u00e3o com o Esp\u00edrito. N\u00e3o \u00e9 poss\u00edvel uma compreens\u00e3o aut\u00eantica da revela\u00e7\u00e3o crist\u00e3 fora da a\u00e7\u00e3o do Esp\u00edrito Santo.<\/p>\n<p style=\"text-align: justify;\">A Palavra de Deus tamb\u00e9m tem uma profunda rela\u00e7\u00e3o com a Tradi\u00e7\u00e3o (cf. N. 117-18). Ela foi pronunciada no tempo, deu-Se e \u00abentregou-Se\u00bb \u00e0 Igreja definitivamente para que o an\u00fancio da Salva\u00e7\u00e3o possa ser eficazmente comunicado em todos os tempos e lugares.\u00a0O pr\u00f3prio Jesus Cristo mandou aos Ap\u00f3stolos que pregassem a todos, como fonte de toda a verdade salutar e de toda a disciplina de costumes.<\/p>\n<p><strong>A Palavra de Deus e a Igreja <\/strong><\/p>\n<p style=\"text-align: justify;\">Na segunda parte dessa Carta do papa Bento XVI, a Palavra de Deus \u00e9 apresentada como o alimento que nutre a Igreja desde os seus prim\u00f3rdios (cf. N. 50). Dela a Igreja se alimentou no passado e se nutre no presente; a rela\u00e7\u00e3o entre Cristo e a Igreja n\u00e3o pode ser compreendida como acontecimento do passado, mas trata-se de uma rela\u00e7\u00e3o vital no presente. Assim prometeu Jesus, a Palavra de Deus: \u00abEu estarei sempre convosco, at\u00e9 ao fim do mundo\u00bb (Mt 28, 20).<\/p>\n<p style=\"text-align: justify;\">A Palavra de Deus permeia a vida da Igreja: na liturgia (cf. N. 52-57), nas homilias (cf. N. 58-60) e nos mais variados momentos da vida da Igreja como nas peregrina\u00e7\u00f5es, festas particulares, miss\u00f5es populares, retiros espirituais e dias especiais de penit\u00eancia, repara\u00e7\u00e3o e perd\u00e3o (cf. N. 64-73). Mas \u00e9 necess\u00e1rio educar o Povo de Deus para redescobrir a centralidade da Palavra de Deus na vida da Igreja que significa tamb\u00e9m redescobrir o sentido do recolhimento e da tranquilidade interior.<\/p>\n<p style=\"text-align: justify;\">A palavra de Deus anima e sustenta a pastoral. Com particular sensibilidade pastoral o papa estimula a darmos aten\u00e7\u00e3o aos cegos e aos surdos que, por causa da pr\u00f3pria condi\u00e7\u00e3o, sentem dificuldade em participar ativamente na liturgia (cf. N.71-76).<\/p>\n<p><strong>A Palavra de Deus no Mundo<\/strong><\/p>\n<p style=\"text-align: justify;\">Na terceira parte o papa Bento XVI fala da necessidade do an\u00fancio da Palavra de Deus ao mundo. A Igreja anuncia ao mundo a Palavra da Esperan\u00e7a (cf. 1Pd 3,15); o homem precisa da \u00abgrande Esperan\u00e7a\u00bb para poder viver o seu pr\u00f3prio presente (cf. N. 91-94). A primeira comunidade crist\u00e3 difundia a Palavra por meio da prega\u00e7\u00e3o e do testemunho (cf. At 6,7). Paulo testemunhava: \u00abj\u00e1 n\u00e3o sou eu que vivo, \u00e9 Cristo que vive em mim\u00bb (Gl 220); \u00abAi de mim se n\u00e3o evangelizar!\u00bb (1 Cor 9,16).<\/p>\n<p style=\"text-align: justify;\">A Palavra de Deus gera o compromisso de promo\u00e7\u00e3o da justi\u00e7a na sociedade (cf. N. 100-101), por isso deve ser anunciada aos jovens (cf. N. 104), migrantes (cf. N. 105), doentes (cf. N. 106), pobres (cf. N. 107); a Palavra de Deus nos estimula a cuidar do meio ambiente (cf. N. 108), ilumina as culturas (cf. N. 109), escolas e universidades (cf. N. 111); a Palavra de Deus tamb\u00e9m deve ser anunciada ao mundo das Artes (cf. N. 112), da comunica\u00e7\u00e3o social (cf. N. 113-114) e estimular o di\u00e1logo entre as Religi\u00f5es (cf. N. 117-119).<\/p>\n<p style=\"text-align: justify;\">Concluindo o documento o Papa Bento XVI adverte os fieis a n\u00e3o esquecerem que, na base de toda a espiritualidade crist\u00e3 aut\u00eantica e viva, est\u00e1 a Palavra de Deus anunciada, acolhida, celebrada e meditada na Igreja. A Igreja animada pelo Esp\u00edrito vive a tens\u00e3o mission\u00e1ria do an\u00fancio da Palavra de Deus que cura e liberta todo o homem; por isso, \u00e9 nosso dever cada vez mais, viver o tempo de uma nova escuta da Palavra de Deus e de uma nova evangeliza\u00e7\u00e3o (cf. N.121-124).<\/p>\n<p style=\"text-align: justify;\"><strong>PARA REFLEX\u00c3O PESSOAL:<\/strong><\/p>\n<ol>\n<li style=\"text-align: justify;\">Voc\u00ea j\u00e1 leu esse documento?<\/li>\n<li style=\"text-align: justify;\">O que significa para voc\u00ea \u201cencontro com a Palavra de Deus\u201d?<\/li>\n<li style=\"text-align: justify;\">Por que S\u00e3o Paulo afirmava: \u00abAi de mim se n\u00e3o evangelizar!\u00bb (1 Cor 9,16)?<\/li>\n<\/ol>\n","protected":false},"excerpt":{"rendered":"<p>Dom Antonio de Assis Ribeiro Bispo Auxiliar de Bel\u00e9m do Par\u00e1 &nbsp; Introdu\u00e7\u00e3o Caminhando para a conclus\u00e3o do m\u00eas da B\u00edblia, quero propor-lhe, uma leitura ou releitura da Exorta\u00e7\u00e3o Apost\u00f3lica &#8220;Verbum Domini&#8221;, do Papa Bento XVI sobre a Palavra de Deus na vida e na miss\u00e3o da Igreja (setembro de 2010). A partir do Conc\u00edlio &hellip;<\/p>\n<p class=\"read-more\"> <a class=\"\" href=\"https:\/\/www.cnbb.org.br\/exortacao-apostolica-verbum-domini-a-palavra-de-deus-na-vida-e-na-missao-da-igreja\/\"> <span class=\"screen-reader-text\">Exorta\u00e7\u00e3o Apost\u00f3lica &#8220;Verbum Domini&#8221;: A Palavra de Deus na Vida e na Miss\u00e3o da Igreja<\/span> Leia mais &raquo;<\/a><\/p>\n","protected":false},"author":79,"featured_media":0,"comment_status":"open","ping_status":"open","sticky":false,"template":"","format":"standard","meta":{"site-sidebar-layout":"default","site-content-layout":"default","ast-global-header-display":"","ast-banner-title-visibility":"","ast-main-header-display":"","ast-hfb-above-header-display":"","ast-hfb-below-header-display":"","ast-hfb-mobile-header-display":"","site-post-title":"","ast-breadcrumbs-content":"","ast-featured-img":"","footer-sml-layout":"","theme-transparent-header-meta":"default","adv-header-id-meta":"","stick-header-meta":"","header-above-stick-meta":"","header-main-stick-meta":"","header-below-stick-meta":""},"categories":[758],"tags":[],"acf":[],"_links":{"self":[{"href":"https:\/\/www.cnbb.org.br\/cnbb-app\/wp\/v2\/posts\/249375"}],"collection":[{"href":"https:\/\/www.cnbb.org.br\/cnbb-app\/wp\/v2\/posts"}],"about":[{"href":"https:\/\/www.cnbb.org.br\/cnbb-app\/wp\/v2\/types\/post"}],"author":[{"embeddable":true,"href":"https:\/\/www.cnbb.org.br\/cnbb-app\/wp\/v2\/users\/79"}],"replies":[{"embeddable":true,"href":"https:\/\/www.cnbb.org.br\/cnbb-app\/wp\/v2\/comments?post=249375"}],"version-history":[{"count":0,"href":"https:\/\/www.cnbb.org.br\/cnbb-app\/wp\/v2\/posts\/249375\/revisions"}],"wp:attachment":[{"href":"https:\/\/www.cnbb.org.br\/cnbb-app\/wp\/v2\/media?parent=249375"}],"wp:term":[{"taxonomy":"category","embeddable":true,"href":"https:\/\/www.cnbb.org.br\/cnbb-app\/wp\/v2\/categories?post=249375"},{"taxonomy":"post_tag","embeddable":true,"href":"https:\/\/www.cnbb.org.br\/cnbb-app\/wp\/v2\/tags?post=249375"}],"curies":[{"name":"wp","href":"https:\/\/api.w.org\/{rel}","templated":true}]}}