{"id":249450,"date":"2020-09-24T11:31:46","date_gmt":"2020-09-24T14:31:46","guid":{"rendered":"https:\/\/www.cnbb.org.br\/?p=249450"},"modified":"2020-09-24T11:33:28","modified_gmt":"2020-09-24T14:33:28","slug":"quarta-live-das-jornadas-de-teologia-pastoral-cnbb-puc-rio-refletira-sobre-o-que-a-palavra-de-deus-tem-a-dizer-no-atual-contexto-e-na-pos-pandemia","status":"publish","type":"post","link":"https:\/\/www.cnbb.org.br\/quarta-live-das-jornadas-de-teologia-pastoral-cnbb-puc-rio-refletira-sobre-o-que-a-palavra-de-deus-tem-a-dizer-no-atual-contexto-e-na-pos-pandemia\/","title":{"rendered":"Quarta live das Jornadas de Teologia Pastoral CNBB\/Puc-Rio refletir\u00e1 sobre a Palavra de Deus no atual contexto e na p\u00f3s pandemia"},"content":{"rendered":"<p style=\"text-align: justify;\">O que o texto b\u00edblico tem a dizer neste tempo de luta contra o novo coronav\u00edrus e que luz traz para o p\u00f3s-pandemia ser\u00e1 a tem\u00e1tica da quarta Live das Jornadas de Teologia Pastoral CNBB\/PUC-Rio, na pr\u00f3xima sexta-feira, dia 25 de setembro, \u00e0s 15h. Nesta edi\u00e7\u00e3o, ser\u00e3o painelistas a irm\u00e3 Izabel Patuzzo, assessora da Comiss\u00e3o Episcopal Pastoral para a Anima\u00e7\u00e3o B\u00edblico-Catequ\u00e9tica da Confer\u00eancia Nacional dos Bis\u00e7os do Brasil (CNBB), que vai abordar o tema tema \u201cReconstruir a esperan\u00e7a \u00e0 luz das Escrituras\u201d e a doutora Alessandra Viegas que falar\u00e1 sobre &#8220;Cuidando de si: a efic\u00e1cia da leitura e da medita\u00e7\u00e3o b\u00edblicas em tempos de pandemia\u201d.<\/p>\n<p style=\"text-align: justify;\">Irm\u00e3 Izabel far\u00e1 sua reflex\u00e3o sobre o texto do Apocalipse. \u201cO tema que irei tratar prop\u00f5e, primeiramente, uma reflex\u00e3o teol\u00f3gica crist\u00e3 fundamentada na Literatura Apocal\u00edptica, que interpretar\u00e1 os flagelos que atingiram as comunidades Crist\u00e3s dos primeiros s\u00e9culos, n\u00e3o como um castigo divino, mas como resultado de m\u00e1s a\u00e7\u00f5es. &#8220;Olhar para os flagelos em chave apocal\u00edptica foi uma forma de resistir e de reconstruir as esperan\u00e7as dos disc\u00edpulos de Jesus Cristo em tempos de grande sofrimento. A Literatura Apocal\u00edptica \u00e9 aquela que v\u00ea profundamente, conhece o sofrimento e procura apontar caminhos de supera\u00e7\u00e3o\u201d, afirmou a religiosa.<\/p>\n<p style=\"text-align: justify;\">A tem\u00e1tica da doutora Alessandra ser\u00e1 o livro do Deuteron\u00f4mio e outros textos do Antigo Testamento. \u201cVamos conversar um pouco sobre a efic\u00e1cia da leitura e da medita\u00e7\u00e3o b\u00edblicas em tempos de pandemia. Como estamos no m\u00eas da B\u00edblia, a nossa conversa \u00e9 para que possamos perceber como \u00e9 importante ter em nossa mente e em nosso cora\u00e7\u00e3o a Palavra de Deus, que \u00e9 poderosa para nos trazer conforto, dire\u00e7\u00e3o e paz nos momentos de dor, dificuldade e crise\u201d, contou a pesquisadora.<\/p>\n<p style=\"text-align: justify;\">O evento \u00e9 gratuito e ser\u00e1 transmitido, ao vivo, pelas redes sociais da CNBB e do Departamento de Teologia da PUC-Rio: @cnbbnacional e @teologiapucrio. Para quem deseja receber certificado de participa\u00e7\u00e3o, recomenda-se a inscri\u00e7\u00e3o pr\u00e9via. O certificado ser\u00e1 enviado para e-mail informado no formul\u00e1rio digital. Para se inscrever, acesse aqui:<a href=\"https:\/\/www.e-inscricao.com\/teopucrio\/jornadasteopast\" target=\"_blank\" rel=\"noopener\"> inscri\u00e7\u00e3o<\/a><\/p>\n<p style=\"text-align: justify;\">Os encontros das Jornadas de Teologia Pastoral CNBB\/PUC-Rio tiveram in\u00edcio no m\u00eas de junho e acontecer\u00e3o at\u00e9 o m\u00eas de dezembro, com uma Live a cada m\u00eas. Especialistas e pesquisadores est\u00e3o abordando temas que permitem projetar um olhar cr\u00edtico, mas positivo, sobre o atual contexto social e eclesial. Desafios \u00e0 vida e \u00e0 viv\u00eancia crist\u00e3, impactos eclesiol\u00f3gicos, experi\u00eancia sacramental-lit\u00fargica, espiritualidades, pr\u00e1ticas pastorais, f\u00e9 e cultura digital, anima\u00e7\u00e3o b\u00edblica da pastoral, catequese, dor e sofrimento, ser\u00e3o alguns dos temas apresentados ao longo das jornadas, que ir\u00e3o acontecer, em cada \u00faltima sexta-feira do m\u00eas, a partir das 15h.<\/p>\n","protected":false},"excerpt":{"rendered":"<p>A live acontece na sexta-feira, dia 25 de setembro, \u00e0s 15h, e poder\u00e1 ser acompanhada nas redes sociais da CNBB e PUC-Rio (@cnbbnacional e @teologiapucrio). As jornadas oferecem certificado de participa\u00e7\u00e3o para quem fizer uma inscri\u00e7\u00e3o pr\u00e9via<\/p>\n","protected":false},"author":83,"featured_media":249451,"comment_status":"open","ping_status":"open","sticky":false,"template":"","format":"standard","meta":{"site-sidebar-layout":"default","site-content-layout":"default","ast-global-header-display":"","ast-banner-title-visibility":"","ast-main-header-display":"","ast-hfb-above-header-display":"","ast-hfb-below-header-display":"","ast-hfb-mobile-header-display":"","site-post-title":"","ast-breadcrumbs-content":"","ast-featured-img":"","footer-sml-layout":"","theme-transparent-header-meta":"default","adv-header-id-meta":"","stick-header-meta":"","header-above-stick-meta":"","header-main-stick-meta":"","header-below-stick-meta":""},"categories":[1851,50],"tags":[2078,2633],"acf":[],"_links":{"self":[{"href":"https:\/\/www.cnbb.org.br\/cnbb-app\/wp\/v2\/posts\/249450"}],"collection":[{"href":"https:\/\/www.cnbb.org.br\/cnbb-app\/wp\/v2\/posts"}],"about":[{"href":"https:\/\/www.cnbb.org.br\/cnbb-app\/wp\/v2\/types\/post"}],"author":[{"embeddable":true,"href":"https:\/\/www.cnbb.org.br\/cnbb-app\/wp\/v2\/users\/83"}],"replies":[{"embeddable":true,"href":"https:\/\/www.cnbb.org.br\/cnbb-app\/wp\/v2\/comments?post=249450"}],"version-history":[{"count":0,"href":"https:\/\/www.cnbb.org.br\/cnbb-app\/wp\/v2\/posts\/249450\/revisions"}],"wp:featuredmedia":[{"embeddable":true,"href":"https:\/\/www.cnbb.org.br\/cnbb-app\/wp\/v2\/media\/249451"}],"wp:attachment":[{"href":"https:\/\/www.cnbb.org.br\/cnbb-app\/wp\/v2\/media?parent=249450"}],"wp:term":[{"taxonomy":"category","embeddable":true,"href":"https:\/\/www.cnbb.org.br\/cnbb-app\/wp\/v2\/categories?post=249450"},{"taxonomy":"post_tag","embeddable":true,"href":"https:\/\/www.cnbb.org.br\/cnbb-app\/wp\/v2\/tags?post=249450"}],"curies":[{"name":"wp","href":"https:\/\/api.w.org\/{rel}","templated":true}]}}