{"id":249454,"date":"2020-09-24T11:56:12","date_gmt":"2020-09-24T14:56:12","guid":{"rendered":"https:\/\/www.cnbb.org.br\/?p=249454"},"modified":"2020-09-24T11:56:12","modified_gmt":"2020-09-24T14:56:12","slug":"o-servico-brasileiro-de-comunhao-do-charis-realizara-encontro-nacional-on-line-dia-26-de-setembro","status":"publish","type":"post","link":"https:\/\/www.cnbb.org.br\/o-servico-brasileiro-de-comunhao-do-charis-realizara-encontro-nacional-on-line-dia-26-de-setembro\/","title":{"rendered":"O Servi\u00e7o Brasileiro de Comunh\u00e3o do CHARIS realizar\u00e1 Encontro Nacional on-line dia 26 de setembro"},"content":{"rendered":"<p style=\"text-align: justify;\">Est\u00e3o abertas as inscri\u00e7\u00f5es para o Encontro Nacional on-line do Servi\u00e7o Brasileiro de Comunh\u00e3o do CHARIS (SBCC) que acontece no pr\u00f3ximo dia 26 de setembro, das 15 \u00e0s 18 horas, atrav\u00e9s das redes sociais. CHARIS \u00e9 o organismo que une todas as express\u00f5es da \u201cCorrente de Gra\u00e7a\u201d, Renova\u00e7\u00e3o Carism\u00e1tica Cat\u00f3lica no mundo.<\/p>\n<p style=\"text-align: justify;\">O tema escolhido foi retirado da liturgia eucar\u00edstica da Igreja: \u201cO amor de Cristo nos uniu\u201d. Atrav\u00e9s dele, os organizadores ressaltam que o objetivo \u00e9 refletir sobre os pilares de atua\u00e7\u00e3o do CHARIS: Batismo no Esp\u00edrito Santo, Ecumenismo e Servi\u00e7o aos pobres.<\/p>\n<p style=\"text-align: justify;\">Segundo a coordenadora nacional do Servi\u00e7o Brasileiro de Comunh\u00e3o do CHARIS, Katia Roldi Zavaris, o\u00a0 encontro est\u00e1 sendo pensado com muito carinho para &#8220;que possamos crescer na f\u00e9 e no amor que gera comunh\u00e3o&#8221;.<\/p>\n<h3 style=\"text-align: justify;\">Convidados e participa\u00e7\u00f5es:<\/h3>\n<p style=\"text-align: justify;\">\nEst\u00e3o confirmadas as presen\u00e7as de Katia Roldi Zavaris, coordenadora nacional do SBCC; Vin\u00edcius Sim\u00f5es, presidente da RCCBRASIL (Movimento Eclesial); Monsenhor Jonas Abib, fundador da Comunidade Cat\u00f3lica Can\u00e7\u00e3o Nova e padre Wagner Ferreira, tamb\u00e9m da Comunidade Can\u00e7\u00e3o Nova; Padre Marcelo Rossi; Padre Eduardo Dougherty, fundador da Rede S\u00e9culo 21; Gabriela Dias e Padre Silvio, Comunidade Shalom; Alu\u00edzio Nobrega, fundador da Comunidade Face de Cristo; Prado Flores e \u00c2ngela Chineze, Escola de Evangeliza\u00e7\u00e3o Santo Andr\u00e9; Comunidade Hallel e Clenir Guimar\u00e3es, fundadora da Comunidade Cat\u00f3lica Hallel; Dom Mario Spaki, bispo referencial do SBCC; Padre Alexandre Awi, Secret\u00e1rio do Dicast\u00e9rio para os Leigos a Familia e a Vida, Jean-Luc Moens, moderador do CHARIS INTERNACIONAL; al\u00e9m dos Jovens carism\u00e1ticos.<\/p>\n<p style=\"text-align: justify;\"><strong>Inscri\u00e7\u00e3o gratuita<\/strong><br \/>\nA participa\u00e7\u00e3o \u00e9 gratuita e a programa\u00e7\u00e3o ter\u00e1 momentos de ora\u00e7\u00e3o, louvor, prega\u00e7\u00e3o, entre outras atividades. As inscri\u00e7\u00f5es podem ser feitas no hotsite do encontro: <a href=\"http:\/\/encontro.sbccharis.com.br\/\" target=\"_blank\" rel=\"noopener\">http:\/\/encontro.sbccharis.com.br\/<\/a><\/p>\n<p><strong>\u00a0O que \u00e9 o CHARIS?<\/strong><\/p>\n<p style=\"text-align: justify;\">CHARIS \u00e9 uma sigla em ingl\u00eas que significa \u201cCatholic Charismatic Renewal Internacional Service\u201d (Servi\u00e7o Internacional da Renova\u00e7\u00e3o Carism\u00e1tica Cat\u00f3lica). O CHARIS \u00e9 o organismo para todas as express\u00f5es da \u201cCorrente de Gra\u00e7a\u201d Renova\u00e7\u00e3o Carism\u00e1tica Cat\u00f3lica mundial.<\/p>\n","protected":false},"excerpt":{"rendered":"<p>O tema escolhido foi retirado da liturgia eucar\u00edstica da Igreja: \u201cO amor de Cristo nos uniu\u201d. Atrav\u00e9s dele, os organizadores ressaltam que o objetivo \u00e9 refletir sobre os pilares de atua\u00e7\u00e3o do CHARIS: Batismo no Esp\u00edrito Santo, Ecumenismo e Servi\u00e7o aos pobres<\/p>\n","protected":false},"author":83,"featured_media":249455,"comment_status":"open","ping_status":"open","sticky":false,"template":"","format":"standard","meta":{"site-sidebar-layout":"default","site-content-layout":"default","ast-global-header-display":"","ast-banner-title-visibility":"","ast-main-header-display":"","ast-hfb-above-header-display":"","ast-hfb-below-header-display":"","ast-hfb-mobile-header-display":"","site-post-title":"","ast-breadcrumbs-content":"","ast-featured-img":"","footer-sml-layout":"","theme-transparent-header-meta":"default","adv-header-id-meta":"","stick-header-meta":"","header-above-stick-meta":"","header-main-stick-meta":"","header-below-stick-meta":""},"categories":[848,50],"tags":[2703],"acf":[],"_links":{"self":[{"href":"https:\/\/www.cnbb.org.br\/cnbb-app\/wp\/v2\/posts\/249454"}],"collection":[{"href":"https:\/\/www.cnbb.org.br\/cnbb-app\/wp\/v2\/posts"}],"about":[{"href":"https:\/\/www.cnbb.org.br\/cnbb-app\/wp\/v2\/types\/post"}],"author":[{"embeddable":true,"href":"https:\/\/www.cnbb.org.br\/cnbb-app\/wp\/v2\/users\/83"}],"replies":[{"embeddable":true,"href":"https:\/\/www.cnbb.org.br\/cnbb-app\/wp\/v2\/comments?post=249454"}],"version-history":[{"count":0,"href":"https:\/\/www.cnbb.org.br\/cnbb-app\/wp\/v2\/posts\/249454\/revisions"}],"wp:featuredmedia":[{"embeddable":true,"href":"https:\/\/www.cnbb.org.br\/cnbb-app\/wp\/v2\/media\/249455"}],"wp:attachment":[{"href":"https:\/\/www.cnbb.org.br\/cnbb-app\/wp\/v2\/media?parent=249454"}],"wp:term":[{"taxonomy":"category","embeddable":true,"href":"https:\/\/www.cnbb.org.br\/cnbb-app\/wp\/v2\/categories?post=249454"},{"taxonomy":"post_tag","embeddable":true,"href":"https:\/\/www.cnbb.org.br\/cnbb-app\/wp\/v2\/tags?post=249454"}],"curies":[{"name":"wp","href":"https:\/\/api.w.org\/{rel}","templated":true}]}}