{"id":249540,"date":"2020-09-25T10:27:42","date_gmt":"2020-09-25T13:27:42","guid":{"rendered":"https:\/\/www.cnbb.org.br\/?p=249540"},"modified":"2020-09-25T11:59:42","modified_gmt":"2020-09-25T14:59:42","slug":"por-que-queimam-a-amazonia-o-cerrado-e-o-pantanal","status":"publish","type":"post","link":"https:\/\/www.cnbb.org.br\/por-que-queimam-a-amazonia-o-cerrado-e-o-pantanal\/","title":{"rendered":"Por que queimam a Amaz\u00f4nia, o Cerrado e o Pantanal?"},"content":{"rendered":"<p style=\"text-align: right;\"><strong>Dom Jo\u00e3o Justino de Medeiros Silva<\/strong><br \/>\n<strong>Arcebispo de Montes Claros\u00a0<\/strong><\/p>\n<p style=\"text-align: justify;\"><strong>\u00a0<\/strong><\/p>\n<p style=\"text-align: justify;\">Novamente assistimos, com grande indigna\u00e7\u00e3o, inc\u00eandios de grandes propor\u00e7\u00f5es arrasando longas extens\u00f5es de terra em diferentes biomas do Brasil. Nas \u00faltimas semanas, diferentes fontes de informa\u00e7\u00e3o mostraram o desastre ambiental provocado pela pr\u00e1tica insana e criminosa de colocar fogo na vegeta\u00e7\u00e3o. Ningu\u00e9m ignora que o fogo destr\u00f3i a biodiversidade e prejudica o equil\u00edbrio ambiental: a vegeta\u00e7\u00e3o \u00e9 consumida, morrem os animais, desaparecem os insetos fundamentais para a poliniza\u00e7\u00e3o, o solo \u00e9 empobrecido, os rios secam, contamina-se a atmosfera, o aquecimento global \u00e9 acelerado e, n\u00e3o poucas vezes, o fogo atinge \u00e1reas habitadas, destruindo casas e espalhando terror.<\/p>\n<p style=\"text-align: justify;\">A falta de consci\u00eancia ecol\u00f3gica \u00e9 uma praga em nosso pa\u00eds. S\u00e3o poucos os lugares desse imenso Brasil em que podemos encontrar, estampado na geografia das cidades e dos campos, o zelo ecol\u00f3gico-ambiental. Os exemplos contr\u00e1rios, por outro lado, s\u00e3o muitos: o h\u00e1bito de jogar lixo nas ruas, a pr\u00e1tica de amontoar restos de obra em terrenos baldios, a destrui\u00e7\u00e3o do patrim\u00f4nio p\u00fablico, o desrespeito \u00e0 lei do sil\u00eancio, o descuido com os parques p\u00fablicos, a polui\u00e7\u00e3o e destrui\u00e7\u00e3o de nascentes, as ca\u00e7adas e o tr\u00e1fico de animais, sobretudo aqueles j\u00e1 em extin\u00e7\u00e3o&#8230; Uma lista maior poderia ser escrita. \u00c9 vergonhoso ver que tantos brasileiros, habitantes de um territ\u00f3rio com riquezas naturais sequer ainda descobertas, ajam sob a \u00e9gide da destrui\u00e7\u00e3o. Em termos de queimadas, pode-se dizer de um \u00edmpeto incendi\u00e1rio de grupos interessados em destruir a vegeta\u00e7\u00e3o nativa para dar lugar ao pasto e \u00e0 cria\u00e7\u00e3o de gado ou mesmo dos investimentos do agroneg\u00f3cio. E, entre esses, h\u00e1 alguns que agem por si s\u00f3s, quais aventureiros que se alegram com a devasta\u00e7\u00e3o que o fogo produz. N\u00e3o se pode descuidar, ainda, do problema do recurso \u00e0s queimadas para preparar a terra ao cultivo. Esse expediente \u00e9 hist\u00f3rico no Brasil e a ci\u00eancia, por mais avan\u00e7ada que esteja, n\u00e3o consegue convencer aos que optam pelo fogo que, na verdade, est\u00e3o mais a destruir que preparar o solo.<\/p>\n<p style=\"text-align: justify;\">As leis que protegem o meio ambiente ainda s\u00e3o desconhecidas para grande parte da popula\u00e7\u00e3o e sua aplica\u00e7\u00e3o \u00e9 ineficiente. H\u00e1 governantes ineptos em todos os escal\u00f5es e o desejo de levar vantagem em tudo macula a atua\u00e7\u00e3o dos pol\u00edticos. Honestos ou desonestos, todos s\u00e3o cada vez mais desacreditados. Se a gan\u00e2ncia de alguns ou a falta de \u00e9tica de outros desmonta a credibilidade nas inst\u00e2ncias do poder p\u00fablico, corre-se o risco de a esperan\u00e7a arrefecer e o des\u00e2nimo minar qualquer iniciativa de mudan\u00e7a. A necessidade de pol\u00edticas p\u00fablicas eficazes que protejam a Casa Comum \u00e9 urgent\u00edssima. Caso contr\u00e1rio, as gera\u00e7\u00f5es futuras estar\u00e3o desabrigadas num planeta que outrora acolhera o ser humano, mas por ele acabou por ser destru\u00eddo.<\/p>\n<p style=\"text-align: justify;\">H\u00e1 o pensamento de que se o mundo acabou uma vez com as \u00e1guas do dil\u00favio, da pr\u00f3xima vez ser\u00e1 destru\u00eddo pelo fogo. Mas o fogo n\u00e3o tem sa\u00eddo das m\u00e3os do Criador, sen\u00e3o que sai das m\u00e3os da criatura. O trabalho arriscado e heroico de bombeiros, brigadistas e volunt\u00e1rios poderia ser poupado por uma consci\u00eancia ecol\u00f3gica que implica in\u00fameras formas de cuidado com a Casa Comum. Quando, no \u00faltimo fim de semana, vi, aqui em Montes Claros, parte da Serra do Mel em chamas, ocorreu-me uma indaga\u00e7\u00e3o: se isso \u00e9 obra de um crist\u00e3o, ele, por esse gesto, n\u00e3o teria se auto exclu\u00eddo da comunidade de f\u00e9 quando atentou contra o Deus todo poderoso, criador do c\u00e9u e da terra? Se obra de um crist\u00e3o, ser\u00e1 necess\u00e1rio a ele trilhar um caminho penitencial para o retorno \u00e0 comunh\u00e3o depois de ter cometido grav\u00edssimo pecado ecol\u00f3gico.<\/p>\n<p>&nbsp;<\/p>\n","protected":false},"excerpt":{"rendered":"<p>Dom Jo\u00e3o Justino de Medeiros Silva Arcebispo de Montes Claros\u00a0 \u00a0 Novamente assistimos, com grande indigna\u00e7\u00e3o, inc\u00eandios de grandes propor\u00e7\u00f5es arrasando longas extens\u00f5es de terra em diferentes biomas do Brasil. Nas \u00faltimas semanas, diferentes fontes de informa\u00e7\u00e3o mostraram o desastre ambiental provocado pela pr\u00e1tica insana e criminosa de colocar fogo na vegeta\u00e7\u00e3o. Ningu\u00e9m ignora que &hellip;<\/p>\n<p class=\"read-more\"> <a class=\"\" href=\"https:\/\/www.cnbb.org.br\/por-que-queimam-a-amazonia-o-cerrado-e-o-pantanal\/\"> <span class=\"screen-reader-text\">Por que queimam a Amaz\u00f4nia, o Cerrado e o Pantanal?<\/span> Leia mais &raquo;<\/a><\/p>\n","protected":false},"author":64,"featured_media":0,"comment_status":"open","ping_status":"open","sticky":false,"template":"","format":"standard","meta":{"site-sidebar-layout":"default","site-content-layout":"default","ast-global-header-display":"","ast-banner-title-visibility":"","ast-main-header-display":"","ast-hfb-above-header-display":"","ast-hfb-below-header-display":"","ast-hfb-mobile-header-display":"","site-post-title":"","ast-breadcrumbs-content":"","ast-featured-img":"","footer-sml-layout":"","theme-transparent-header-meta":"default","adv-header-id-meta":"","stick-header-meta":"","header-above-stick-meta":"","header-main-stick-meta":"","header-below-stick-meta":""},"categories":[758,1837],"tags":[],"acf":[],"_links":{"self":[{"href":"https:\/\/www.cnbb.org.br\/cnbb-app\/wp\/v2\/posts\/249540"}],"collection":[{"href":"https:\/\/www.cnbb.org.br\/cnbb-app\/wp\/v2\/posts"}],"about":[{"href":"https:\/\/www.cnbb.org.br\/cnbb-app\/wp\/v2\/types\/post"}],"author":[{"embeddable":true,"href":"https:\/\/www.cnbb.org.br\/cnbb-app\/wp\/v2\/users\/64"}],"replies":[{"embeddable":true,"href":"https:\/\/www.cnbb.org.br\/cnbb-app\/wp\/v2\/comments?post=249540"}],"version-history":[{"count":0,"href":"https:\/\/www.cnbb.org.br\/cnbb-app\/wp\/v2\/posts\/249540\/revisions"}],"wp:attachment":[{"href":"https:\/\/www.cnbb.org.br\/cnbb-app\/wp\/v2\/media?parent=249540"}],"wp:term":[{"taxonomy":"category","embeddable":true,"href":"https:\/\/www.cnbb.org.br\/cnbb-app\/wp\/v2\/categories?post=249540"},{"taxonomy":"post_tag","embeddable":true,"href":"https:\/\/www.cnbb.org.br\/cnbb-app\/wp\/v2\/tags?post=249540"}],"curies":[{"name":"wp","href":"https:\/\/api.w.org\/{rel}","templated":true}]}}