{"id":24959,"date":"2010-12-08T00:00:00","date_gmt":"2010-12-08T02:00:00","guid":{"rendered":"https:\/\/www.cnbb.org.br\/dom-edmilson-celebra-25-anos-de-ordenacao-presbiteral-2\/"},"modified":"2010-12-08T00:00:00","modified_gmt":"2010-12-08T02:00:00","slug":"dom-edmilson-celebra-25-anos-de-ordenacao-presbiteral-2","status":"publish","type":"post","link":"https:\/\/www.cnbb.org.br\/dom-edmilson-celebra-25-anos-de-ordenacao-presbiteral-2\/","title":{"rendered":"Dom Edmilson celebra 25 anos de Ordena\u00e7\u00e3o Presbiteral"},"content":{"rendered":"<p style=\"text-align: justify\">O bispo da diocese de Barretos (SP), dom Edmilson Amador Caetano celebrou seu Jubileu de Prata de Ordena\u00e7\u00e3o Presbiteral, na ter\u00e7a-feira, 7, na catedral do Divino Esp\u00edrito Santo.<\/p>\n<p><!--more--><\/p>\n<p style=\"text-align: justify\">Durante sua homilia o bispo diocesano disse que celebrar 25 anos de Ordena\u00e7\u00e3o Presbiteral \u00e9 celebrar o pastoreio de Deus no meio de seu povo. \u201cPastoreio em nome de Jesus Cristo. E que o Senhor me d\u00ea a gra\u00e7a de continuar a pregar sua Palavra por outros 25 anos\u201d, concluiu.<\/p>\n<p style=\"text-align: justify\"><img decoding=\"async\" loading=\"lazy\" class=\" alignleft size-full wp-image-7725\" style=\"float: left\" src=\"https:\/\/www.cnbb.org.br\/wp-content\/uploads\/2020\/03\/domedmilsoncaetano25anos2.jpg\" alt=\"domedmilsoncaetano25anos2\" width=\"300\" height=\"225\" \/>Concelebraram com dom Edmilson o bispo da diocese de Catanduva (SP), dom Otac\u00edlio Luziano da Silva, o abade dom Paulo Celso Demartini (que o sucedeu no Mosteiro em S\u00e3o Jos\u00e9 do Rio Pardo) e aproximadamente 45 padres das dioceses de Barretos, Catanduva e S\u00e3o Jo\u00e3o da Boa Vista.<\/p>\n<p style=\"text-align: justify\">Dom Edmilson foi ordenado presb\u00edtero no dia 07 de dezembro de 1985 em S\u00e3o Jos\u00e9 do Rio Pardo (SP), do qual foi abade de 1997 a 2008. Foi eleito bispo para a diocese de Barretos em janeiro de 2008. Sua Ordena\u00e7\u00e3o Episcopal aconteceu no dia 28 de mar\u00e7o de 2008, em S\u00e3o Jos\u00e9 do Rio Pardo, e tomou posso como o quinto bispo da diocese de Barretos em 20 de abril de 2008.<\/p>\n","protected":false},"excerpt":{"rendered":"<p>O bispo da diocese de Barretos (SP), dom Edmilson Amador Caetano celebrou seu Jubileu de Prata de Ordena\u00e7\u00e3o Presbiteral, na ter\u00e7a-feira, 7, na catedral do Divino Esp\u00edrito Santo.<\/p>\n","protected":false},"author":83,"featured_media":24801,"comment_status":"open","ping_status":"open","sticky":false,"template":"","format":"standard","meta":{"site-sidebar-layout":"default","site-content-layout":"default","ast-global-header-display":"","ast-banner-title-visibility":"","ast-main-header-display":"","ast-hfb-above-header-display":"","ast-hfb-below-header-display":"","ast-hfb-mobile-header-display":"","site-post-title":"","ast-breadcrumbs-content":"","ast-featured-img":"","footer-sml-layout":"","theme-transparent-header-meta":"","adv-header-id-meta":"","stick-header-meta":"","header-above-stick-meta":"","header-main-stick-meta":"","header-below-stick-meta":""},"categories":[769,772],"tags":[],"acf":[],"_links":{"self":[{"href":"https:\/\/www.cnbb.org.br\/cnbb-app\/wp\/v2\/posts\/24959"}],"collection":[{"href":"https:\/\/www.cnbb.org.br\/cnbb-app\/wp\/v2\/posts"}],"about":[{"href":"https:\/\/www.cnbb.org.br\/cnbb-app\/wp\/v2\/types\/post"}],"author":[{"embeddable":true,"href":"https:\/\/www.cnbb.org.br\/cnbb-app\/wp\/v2\/users\/83"}],"replies":[{"embeddable":true,"href":"https:\/\/www.cnbb.org.br\/cnbb-app\/wp\/v2\/comments?post=24959"}],"version-history":[{"count":0,"href":"https:\/\/www.cnbb.org.br\/cnbb-app\/wp\/v2\/posts\/24959\/revisions"}],"wp:featuredmedia":[{"embeddable":true,"href":"https:\/\/www.cnbb.org.br\/cnbb-app\/wp\/v2\/media\/24801"}],"wp:attachment":[{"href":"https:\/\/www.cnbb.org.br\/cnbb-app\/wp\/v2\/media?parent=24959"}],"wp:term":[{"taxonomy":"category","embeddable":true,"href":"https:\/\/www.cnbb.org.br\/cnbb-app\/wp\/v2\/categories?post=24959"},{"taxonomy":"post_tag","embeddable":true,"href":"https:\/\/www.cnbb.org.br\/cnbb-app\/wp\/v2\/tags?post=24959"}],"curies":[{"name":"wp","href":"https:\/\/api.w.org\/{rel}","templated":true}]}}