{"id":249607,"date":"2020-10-19T12:00:01","date_gmt":"2020-10-19T15:00:01","guid":{"rendered":"https:\/\/www.cnbb.org.br\/?p=249607"},"modified":"2020-10-19T12:22:49","modified_gmt":"2020-10-19T15:22:49","slug":"reuniao-ampliada-em-outubro","status":"publish","type":"post","link":"https:\/\/www.cnbb.org.br\/reuniao-ampliada-em-outubro\/","title":{"rendered":"Come\u00e7a nesta segunda reuni\u00e3o ampliada da Comiss\u00e3o para os Minist\u00e9rios Ordenados e a Vida Consagrada"},"content":{"rendered":"<p style=\"text-align: justify;\">A Comiss\u00e3o Episcopal Pastoral para os Minist\u00e9rios Ordenados e a Vida Consagrada da Confer\u00eancia Nacional dos Bispos do Brasil (CNBB) realiza a partir desta segunda-feira, 19 de outubro, uma reuni\u00e3o ampliada por videoconfer\u00eancia. A iniciativa que vai at\u00e9 o dia 22, al\u00e9m de contar com a presen\u00e7a dos membros da Comiss\u00e3o (assessores e bispos), contar\u00e1 tamb\u00e9m com a participa\u00e7\u00e3o de representantes de todos os organismos que a comp\u00f5em, como \u00e9 o caso da Comiss\u00e3o Nacional dos Di\u00e1conos (CND); a Comiss\u00e3o Nacional dos Presb\u00edteros (CNP); a Confer\u00eancia Nacional dos Institutos Seculares do Brasil (CNIS); a Confer\u00eancia dos Religiosos do Brasil (CRB); Organiza\u00e7\u00e3o dos Semin\u00e1rios e Institutos do Brasil (OSIB) e a Pastoral Vocacional \/ Servi\u00e7o de Anima\u00e7\u00e3o Vocacional (PV\/SAV).<img decoding=\"async\" loading=\"lazy\" class=\"size-medium wp-image-249745 alignright\" src=\"https:\/\/www.cnbb.org.br\/wp-content\/uploads\/2020\/09\/WhatsApp-Image-2020-09-25-at-15.24.04-169x300.jpeg\" alt=\"\" width=\"169\" height=\"300\" srcset=\"https:\/\/www.cnbb.org.br\/wp-content\/uploads\/2020\/09\/WhatsApp-Image-2020-09-25-at-15.24.04-169x300.jpeg 169w, https:\/\/www.cnbb.org.br\/wp-content\/uploads\/2020\/09\/WhatsApp-Image-2020-09-25-at-15.24.04-576x1024.jpeg 576w, https:\/\/www.cnbb.org.br\/wp-content\/uploads\/2020\/09\/WhatsApp-Image-2020-09-25-at-15.24.04-500x889.jpeg 500w, https:\/\/www.cnbb.org.br\/wp-content\/uploads\/2020\/09\/WhatsApp-Image-2020-09-25-at-15.24.04.jpeg 608w\" sizes=\"(max-width: 169px) 100vw, 169px\" \/><\/p>\n<p style=\"text-align: justify;\">Nesta segunda, primeiro dia, para refletir sobre <strong>os novos tempos e uma nova Igreja<\/strong>, foram convidados um jovem e um casal. O casal, Renata Lagrotta Franco e Francis Franco, reside em Campinas (SP). S\u00e3o Ministros Extraordin\u00e1rios da Comunh\u00e3o Eucar\u00edstica e orientam Exerc\u00edcios Espirituais de Santo In\u00e1cio de Loyola, em casas da Companhia de Jesus (em Itaici, Indaiatuba\/SP, e em todo o Brasil). Ambos s\u00e3o psic\u00f3logos cl\u00ednicos. Renata \u00e9 graduada em Direito e Filosofia, al\u00e9m da Psicologia. Tem Mestrado em Psicopatologia pela Universidad de Le\u00f3n, Espanha, e \u00e9 Doutoranda em Psicologia pela PUC de Campinas. Francis \u00e9 graduado em Filosofia e p\u00f3sgraduado em Depress\u00e3o pela Johns Hopkins University.<\/p>\n<p style=\"text-align: justify;\">J\u00e1 o jovem, Lucas Galhardo, reside em Caieiras (SP), diocese de Bragan\u00e7a Paulista. Contribuiu na coordena\u00e7\u00e3o nacional da pastoral juvenil como representante dos movimentos juvenis, de 2016 a 2019, e na equipe de pastoral juvenil latino-americana (CELAM), de 2017 a 2019. Participou do S\u00ednodo dos Bispos 2018 sobre os Jovens, a F\u00e9 e o Discernimento Vocacional e suas etapas preparat\u00f3rias. Trabalha com projetos mec\u00e2nicos e estuda engenharia mec\u00e2nica.<\/p>\n<p><img decoding=\"async\" loading=\"lazy\" class=\" wp-image-250678 aligncenter\" src=\"https:\/\/www.cnbb.org.br\/wp-content\/uploads\/2020\/09\/CMOVIC-300x173.jpg\" alt=\"\" width=\"380\" height=\"219\" srcset=\"https:\/\/www.cnbb.org.br\/wp-content\/uploads\/2020\/09\/CMOVIC-300x173.jpg 300w, https:\/\/www.cnbb.org.br\/wp-content\/uploads\/2020\/09\/CMOVIC-768x444.jpg 768w, https:\/\/www.cnbb.org.br\/wp-content\/uploads\/2020\/09\/CMOVIC-500x289.jpg 500w, https:\/\/www.cnbb.org.br\/wp-content\/uploads\/2020\/09\/CMOVIC.jpg 1000w\" sizes=\"(max-width: 380px) 100vw, 380px\" \/><\/p>\n<p style=\"text-align: justify;\">Dois dias ser\u00e3o reservados aos encontros por Organismos, com a presen\u00e7a do bispo referencial e assessores da comiss\u00e3o; e o dia conclusivo, com a presid\u00eancia de cada Organismo (presidente e seu conselho).<\/p>\n<h3><strong>Programa\u00e7\u00e3o<br \/>\n<\/strong><\/h3>\n<p style=\"text-align: justify;\">A reuni\u00e3o ter\u00e1 a seguinte programa\u00e7\u00e3o:<\/p>\n<p><strong>09h<\/strong>\u00a0&#8211; Ora\u00e7\u00e3o inicial. Apresenta\u00e7\u00e3o geral dos participantes e do tema formativo: Para um novo tempo, uma nova Igreja;<br \/>\n<strong>09h20<\/strong> &#8211; Como a sociedade v\u00ea a Igreja e o que espera da Igreja neste tempo de pandemiaou p\u00f3s-pandemia? (Sra. Renata e Sr. Francis);<br \/>\n<strong>09h40<\/strong> &#8211; Como o jovem v\u00ea a Igreja e o que espera da Igreja? (Lucas Galhardo).<br \/>\n<strong>10h<\/strong>\u00a0&#8211; Di\u00e1logo com os assessores (inscri\u00e7\u00f5es e perguntas pelo chat).<br \/>\n<strong>10h30<\/strong> &#8211; Conclus\u00f5es e comunicados gerais.<br \/>\n<strong>10h45<\/strong> &#8211; Ora\u00e7\u00e3o final e agradecimentos.<\/p>\n<p>Para o dia 20, ter\u00e7a-feira, est\u00e3o programados os seguintes encontros, tamb\u00e9m pelo Google Meet (ou a combinar com o presidente do Organismo):<\/p>\n<p style=\"text-align: justify;\"><strong> 09h<\/strong> &#8211; PV\/SAV (Sra. \u00c9dna Maria de Sousa, Pe. Jos\u00e9 Alir Moreira e Dom Jos\u00e9 Albuquerque de Ara\u00fajo coordenar\u00e3o os trabalhos);<br \/>\n<strong>09h &#8211;<\/strong> CRB (Ir. Maria In\u00eas Ribeiro e Dom Jo\u00e3o In\u00e1cio M\u00fcller coordenar\u00e3o os trabalhos);<br \/>\n<strong>14h30<\/strong> &#8211; CNIS (Sra. Aparecida de Guadalupe Cafaro e Dom Jo\u00e3o In\u00e1cio M\u00fcller coordenar\u00e3o os trabalhos).<\/p>\n<p style=\"text-align: justify;\">Para o dia 21, quarta-feira, est\u00e3o programados os seguintes encontros, tamb\u00e9m pelo Google Meet (ou a combinar com o presidente do Organismo):<\/p>\n<p><strong>09h<\/strong> &#8211; OSIB (Pe. Jer\u00f4nimo Batista de Ara\u00fajo e Dom Jos\u00e9 Albuquerque de Ara\u00fajo coordenar\u00e3o os trabalhos);<br \/>\n<strong>09h<\/strong> &#8211; CND (Dc. Francisco Salvador Pontes Filho e Dom Jo\u00e3o Francisco Salm<br \/>\ncoordenaremos os trabalhos).<br \/>\n<strong>14h30<\/strong> &#8211; CNP (Pe. Jos\u00e9 Adelson da Silva Rodrigues e Dom Andr\u00e9 Vital F\u00e9lix da Silva coordenar\u00e3o os trabalhos).<\/p>\n<p style=\"text-align: justify;\">Os assessores da Comiss\u00e3o, padre Jo\u00e3o C\u00e2ndido da Silva Neto e padre Juarez Albino Destro, estar\u00e3o tamb\u00e9m participando dos encontros, subdividindo-se quando ocorrerem os encontros nos mesmos hor\u00e1rios.<\/p>\n<p style=\"text-align: justify;\">No dia 22, quinta-feira, das 9 \u00e0s 11 horas, ser\u00e1 a partilha dos temas principais debatidos nos encontros dos Organismos que comp\u00f5em a Comiss\u00e3o, tamb\u00e9m em vista de uma programa\u00e7\u00e3o conjunta para 2021. Participar\u00e3o os membros da presid\u00eancia ou diretoria de cada segmento. O link de acesso \u2013 pelo Google Meet \u2013 ser\u00e1 enviado 20 minutos antes do in\u00edcio aos presidentes de cada Organismo. Estes o encaminhar\u00e3o aos membros de sua equipe de presid\u00eancia ou diretoria. O roteiro ser\u00e1 este:<\/p>\n<p style=\"text-align: justify;\"><strong>9h<\/strong>: Ora\u00e7\u00e3o inicial e, em seguida a partilha;<br \/>\n<strong>9h10<\/strong>: CND;<br \/>\n<strong>9h20<\/strong>: CNP;<br \/>\n<strong>9h30<\/strong>: CNIS;<br \/>\n<strong>9h40<\/strong>: CRB;<br \/>\n<strong>9h50<\/strong>: OSIB;<br \/>\n<strong>10h<\/strong>: PV\/SAV.<br \/>\n<strong>10h15<\/strong>: Tempo para esclarecimentos (inscri\u00e7\u00e3o ou perguntas pelo chat).<br \/>\n<strong>10h45<\/strong>: Conclus\u00f5es e comunicados gerais.<br \/>\n<strong>10h55<\/strong>: Ora\u00e7\u00e3o conclusiva e agradecimentos.<\/p>\n<blockquote>\n<p style=\"text-align: justify;\">&#8220;A cada um e a cada uma, um afetuoso abra\u00e7o com as b\u00ean\u00e7\u00e3os de Deus. Tenham a continua\u00e7\u00e3o de um excelente m\u00eas b\u00edblico, e, em outubro, um \u00f3timo m\u00eas mission\u00e1rio. Que o Senhor da messe continue a enviar muitos oper\u00e1rios e oper\u00e1rias&#8221; finalizou dom Salm em carta-convite enviada aos participantes do encontro.<\/p>\n<\/blockquote>\n","protected":false},"excerpt":{"rendered":"<p>Reuni\u00e3o ampliada ser\u00e1 nos dias 19 a 22 de outubro, por videoconfer\u00eancia. A iniciativa al\u00e9m de contar com a presen\u00e7a dos membros da Comiss\u00e3o (assessores e bispos), contar\u00e1 tamb\u00e9m com a participa\u00e7\u00e3o de representantes de todos os organismos que a comp\u00f5em<\/p>\n","protected":false},"author":83,"featured_media":250677,"comment_status":"open","ping_status":"open","sticky":false,"template":"","format":"standard","meta":{"site-sidebar-layout":"default","site-content-layout":"default","ast-global-header-display":"","ast-banner-title-visibility":"","ast-main-header-display":"","ast-hfb-above-header-display":"","ast-hfb-below-header-display":"","ast-hfb-mobile-header-display":"","site-post-title":"","ast-breadcrumbs-content":"","ast-featured-img":"","footer-sml-layout":"","theme-transparent-header-meta":"default","adv-header-id-meta":"","stick-header-meta":"","header-above-stick-meta":"","header-main-stick-meta":"","header-below-stick-meta":""},"categories":[807,50],"tags":[1850,2069,2921,2070],"acf":[],"_links":{"self":[{"href":"https:\/\/www.cnbb.org.br\/cnbb-app\/wp\/v2\/posts\/249607"}],"collection":[{"href":"https:\/\/www.cnbb.org.br\/cnbb-app\/wp\/v2\/posts"}],"about":[{"href":"https:\/\/www.cnbb.org.br\/cnbb-app\/wp\/v2\/types\/post"}],"author":[{"embeddable":true,"href":"https:\/\/www.cnbb.org.br\/cnbb-app\/wp\/v2\/users\/83"}],"replies":[{"embeddable":true,"href":"https:\/\/www.cnbb.org.br\/cnbb-app\/wp\/v2\/comments?post=249607"}],"version-history":[{"count":0,"href":"https:\/\/www.cnbb.org.br\/cnbb-app\/wp\/v2\/posts\/249607\/revisions"}],"wp:featuredmedia":[{"embeddable":true,"href":"https:\/\/www.cnbb.org.br\/cnbb-app\/wp\/v2\/media\/250677"}],"wp:attachment":[{"href":"https:\/\/www.cnbb.org.br\/cnbb-app\/wp\/v2\/media?parent=249607"}],"wp:term":[{"taxonomy":"category","embeddable":true,"href":"https:\/\/www.cnbb.org.br\/cnbb-app\/wp\/v2\/categories?post=249607"},{"taxonomy":"post_tag","embeddable":true,"href":"https:\/\/www.cnbb.org.br\/cnbb-app\/wp\/v2\/tags?post=249607"}],"curies":[{"name":"wp","href":"https:\/\/api.w.org\/{rel}","templated":true}]}}