{"id":24965,"date":"2011-01-03T00:00:00","date_gmt":"2011-01-03T02:00:00","guid":{"rendered":"https:\/\/www.cnbb.org.br\/arquidiocese-de-sao-paulo-nega-fechamento-da-associacao-reciclazaro-2\/"},"modified":"2011-01-03T00:00:00","modified_gmt":"2011-01-03T02:00:00","slug":"arquidiocese-de-sao-paulo-nega-fechamento-da-associacao-reciclazaro-2","status":"publish","type":"post","link":"https:\/\/www.cnbb.org.br\/arquidiocese-de-sao-paulo-nega-fechamento-da-associacao-reciclazaro-2\/","title":{"rendered":"Arquidiocese de S\u00e3o Paulo nega fechamento da Associa\u00e7\u00e3o Recicl\u00e1zaro"},"content":{"rendered":"<p style=\"text-align: justify\">A arquidiocese de S\u00e3o Paulo emitiu uma nota, no dia 31 de dezembro, desmentindo as not\u00edcias que vinham sendo divulgadas sobre a desativa\u00e7\u00e3o da Associa\u00e7\u00e3o Recicl\u00e1zaro, entidade com 13 anos de atua\u00e7\u00e3o no apoio a popula\u00e7\u00f5es em situa\u00e7\u00e3o de risco social, no estado de S\u00e3o Paulo.<\/p>\n<p><!--more--><\/p>\n<p style=\"text-align: justify\">Na nota assinada pelo vig\u00e1rio episcopal para a Pastoral da Comunica\u00e7\u00e3o, c\u00f4nego Ant\u00f4nio Aparecido Pereira, diz que \u201cn\u00e3o houve nenhuma decis\u00e3o da Autoridade Arquidiocesana sobre a desativa\u00e7\u00e3o do Recicl\u00e1zaro; tais not\u00edcias, portanto, s\u00e3o falsas e n\u00e3o passam de especula\u00e7\u00e3o\u201d.<\/p>\n<p style=\"text-align: justify\">A associa\u00e7\u00e3o Recicl\u00e1zaro atua na acolhida e implementa\u00e7\u00e3o de programas de reinser\u00e7\u00e3o de popula\u00e7\u00f5es em situa\u00e7\u00e3o de vulnerabilidade social (popula\u00e7\u00e3o de rua, pessoas v\u00edtimas de viol\u00eancia e explora\u00e7\u00e3o sexual, portadores de necessidades especiais, idosos, portadores do v\u00edrus HIV, dependentes qu\u00edmicos e outras em situa\u00e7\u00e3o de exclus\u00e3o social grave). Cerca de 950 pessoas passam diariamente pelos programas de reinclus\u00e3o mantidos pela ONG.<\/p>\n<p style=\"text-align: justify\">Leia abaixo nota de esclarecimento da arquidiocese de S\u00e3o Paulo:<\/p>\n<h4 style=\"text-align: center\">Nota de Esclarecimento<\/h4>\n<p style=\"text-align: justify\">A Arquidiocese de S\u00e3o Paulo esclarece, tendo em vista not\u00edcias difundidas sobre a suposta desativa\u00e7\u00e3o da Associa\u00e7\u00e3o RECICL\u00c1ZARO, na Par\u00f3quia S\u00e3o Jo\u00e3o Maria Vianney (Regi\u00e3o Lapa desta Arquidiocese), o que segue:<\/p>\n<p style=\"text-align: justify\">1. N\u00e3o houve nenhuma decis\u00e3o da Autoridade Arquidiocesana sobre a desativa\u00e7\u00e3o do RECICL\u00c1ZARO; tais not\u00edcias, portanto, s\u00e3o falsas e n\u00e3o passam de especula\u00e7\u00e3o;<\/p>\n<p style=\"text-align: justify\">2. A transfer\u00eancia do atual P\u00e1roco, Pe. Jos\u00e9 Carlos Sp\u00ednola, da Par\u00f3quia S.Jo\u00e3o Maria Vianney para outra Par\u00f3quia \u00e9 uma decis\u00e3o pastoral da Arquidiocese e faz parte normal da pr\u00e1tica eclesial; os padres, de tempos em tempos, s\u00e3o transferidos e recebem novas miss\u00f5es. Tal decis\u00e3o, por\u00e9m, n\u00e3o implica na desativa\u00e7\u00e3o da obra social do RECICL\u00c1ZARO.<\/p>\n<p style=\"text-align: justify\">3. Deseja a Arquidiocese que sejam apoiadas as obras sociais ligadas \u00e0 Igreja, e constitu\u00eddas de maneira adequada, para que possam beneficiar\u00a0 da melhor forma os pobres e demais pessoas necessitadas de nossa cidade.<\/p>\n<p style=\"text-align: right\">S\u00e3o Paulo, 31 de dezembro de 2010<\/p>\n<p style=\"text-align: center\"><span style=\"font-size: 10pt\"><em><strong>C\u00f4nego Ant\u00f4nio Aparecido Pereira<br \/>\nVig\u00e1rio Episcopal para a Pastoral da Comunica\u00e7\u00e3o<\/strong><\/em><\/span><\/p>\n","protected":false},"excerpt":{"rendered":"<p>A arquidiocese de S\u00e3o Paulo emitiu uma nota, no dia 31 de dezembro, desmentindo as not\u00edcias que vinham sendo divulgadas sobre a desativa\u00e7\u00e3o da Associa\u00e7\u00e3o Recicl\u00e1zaro, entidade com 13 anos de atua\u00e7\u00e3o no apoio a popula\u00e7\u00f5es em situa\u00e7\u00e3o de risco social, no estado de S\u00e3o Paulo.<\/p>\n","protected":false},"author":83,"featured_media":24812,"comment_status":"open","ping_status":"open","sticky":false,"template":"","format":"standard","meta":{"site-sidebar-layout":"default","site-content-layout":"default","ast-global-header-display":"","ast-banner-title-visibility":"","ast-main-header-display":"","ast-hfb-above-header-display":"","ast-hfb-below-header-display":"","ast-hfb-mobile-header-display":"","site-post-title":"","ast-breadcrumbs-content":"","ast-featured-img":"","footer-sml-layout":"","theme-transparent-header-meta":"","adv-header-id-meta":"","stick-header-meta":"","header-above-stick-meta":"","header-main-stick-meta":"","header-below-stick-meta":""},"categories":[769,772],"tags":[],"acf":[],"_links":{"self":[{"href":"https:\/\/www.cnbb.org.br\/cnbb-app\/wp\/v2\/posts\/24965"}],"collection":[{"href":"https:\/\/www.cnbb.org.br\/cnbb-app\/wp\/v2\/posts"}],"about":[{"href":"https:\/\/www.cnbb.org.br\/cnbb-app\/wp\/v2\/types\/post"}],"author":[{"embeddable":true,"href":"https:\/\/www.cnbb.org.br\/cnbb-app\/wp\/v2\/users\/83"}],"replies":[{"embeddable":true,"href":"https:\/\/www.cnbb.org.br\/cnbb-app\/wp\/v2\/comments?post=24965"}],"version-history":[{"count":0,"href":"https:\/\/www.cnbb.org.br\/cnbb-app\/wp\/v2\/posts\/24965\/revisions"}],"wp:featuredmedia":[{"embeddable":true,"href":"https:\/\/www.cnbb.org.br\/cnbb-app\/wp\/v2\/media\/24812"}],"wp:attachment":[{"href":"https:\/\/www.cnbb.org.br\/cnbb-app\/wp\/v2\/media?parent=24965"}],"wp:term":[{"taxonomy":"category","embeddable":true,"href":"https:\/\/www.cnbb.org.br\/cnbb-app\/wp\/v2\/categories?post=24965"},{"taxonomy":"post_tag","embeddable":true,"href":"https:\/\/www.cnbb.org.br\/cnbb-app\/wp\/v2\/tags?post=24965"}],"curies":[{"name":"wp","href":"https:\/\/api.w.org\/{rel}","templated":true}]}}