{"id":249671,"date":"2020-09-25T13:21:14","date_gmt":"2020-09-25T16:21:14","guid":{"rendered":"https:\/\/www.cnbb.org.br\/?p=249671"},"modified":"2020-09-25T13:21:38","modified_gmt":"2020-09-25T16:21:38","slug":"a-palavra-de-deus-protege-a-vida","status":"publish","type":"post","link":"https:\/\/www.cnbb.org.br\/a-palavra-de-deus-protege-a-vida\/","title":{"rendered":"A Palavra de Deus protege a vida"},"content":{"rendered":"<p style=\"text-align: right;\"><strong>Dom Jos\u00e9 Gislon<\/strong><br \/>\n<strong>Bispo de Caxias do Sul<\/strong><\/p>\n<p style=\"text-align: justify;\">\n<p style=\"text-align: justify;\">\u00c0 luz da Palavra de Deus, poder\u00edamos nos perguntar: Quais s\u00e3o as realidades presentes na sociedade de hoje que amea\u00e7am a vida e as fam\u00edlias? Creio que cada um de n\u00f3s, a partir da sua experi\u00eancia de vida, da sua sensibilidade em rela\u00e7\u00e3o \u00e0 vida do outro, ou do seu compromisso com o Evangelho, poderia citar uma s\u00e9rie de realidades que amea\u00e7am a vida, dom de Deus, em nossa sociedade.<\/p>\n<p style=\"text-align: justify;\">Diante do nosso compromisso com a Palavra de Deus, n\u00e3o podemos deixar de cuidar e nos preocupar com a vida, a fam\u00edlia, a Casa Comum e os valores que preservam a vida em todas as idades e realidades. As amea\u00e7as que afrontam a vida n\u00e3o est\u00e3o somente da porta de casa para fora. Elas podem, muitas vezes de forma sutil, estar dentro de casa, no seio da fam\u00edlia, e v\u00e3o minando todo o ambiente familiar. Elas podem, muitas vezes, causar nos pais a sensa\u00e7\u00e3o de que n\u00e3o conseguem proteger e fazer crescer os filhos num ambiente sereno e de respeito, onde cada um encontra seu espa\u00e7o e a vida de todos \u00e9 valorizada, protegida e respeitada.<\/p>\n<p style=\"text-align: justify;\">No dia a dia n\u00f3s corremos o risco de nos fixar nos nossos conceitos e preconceitos, nos fechar na nossa auto-sufici\u00eancia e n\u00e3o ouvir o que a Palavra de Deus tem a nos dizer de novo, ou n\u00e3o atendemos o convite que o Senhor Jesus continuamente nos faz, para segui-lo como disc\u00edpulos e disc\u00edpulas. Ele nos desafia a nos afastarmos das nossas falsas seguran\u00e7as, para retomarmos continuamente o caminho da convers\u00e3o, renovados pela miseric\u00f3rdia do Pai.<\/p>\n<p style=\"text-align: justify;\">Para isso, se faz necess\u00e1rio ter um cora\u00e7\u00e3o aberto \u00e0 Palavra de Deus, para saber acolher o convite que o Senhor Jesus nos faz nos passos da vida. Ele nos faz continuamente o convite para vivermos a vida, dom de Deus, com a dignidade de filhos e filhas amados do Pai. \u00a0Mas para dar esse passo, precisamos, com a gra\u00e7a de Deus, deixar de lado ou nos esvaziarmos da nossa auto-sufici\u00eancia, que nos leva \u00e0 indiferen\u00e7a, para acolhermos o convite do Senhor, de sermos novas criaturas renascidas em Cristo Jesus.<\/p>\n<p style=\"text-align: justify;\">Que a Palavra de Deus alimente a nossa vida de f\u00e9, para que possamos caminhar com passos firmes no caminho da vida e na peregrina\u00e7\u00e3o para a casa do Pai. Que nos acompanhe tamb\u00e9m a M\u00e3e de Jesus, a quem pedimos: \u00d3 Maria, tu que acolheste o an\u00fancio do Arcanjo Gabriel, ensina-nos a acolher o que Jesus nos diz atrav\u00e9s da sua Palavra e da sua Igreja; ensina-nos a amar sem medidas; ensina-nos a perdoar os nossos irm\u00e3os e irm\u00e3s, tendo presente a grandeza e a miseric\u00f3rdia do Pai, que nos perdoa porque nos ama; ensina-nos a proteger e amar a nossa fam\u00edlia, como amaste e protegeste a Sagrada Fam\u00edlia de Nazar\u00e9, e a defender a vida, porque ela \u00e9 dom Deus.<\/p>\n<p>&nbsp;<\/p>\n<p>&nbsp;<\/p>\n","protected":false},"excerpt":{"rendered":"<p>Dom Jos\u00e9 Gislon Bispo de Caxias do Sul \u00c0 luz da Palavra de Deus, poder\u00edamos nos perguntar: Quais s\u00e3o as realidades presentes na sociedade de hoje que amea\u00e7am a vida e as fam\u00edlias? Creio que cada um de n\u00f3s, a partir da sua experi\u00eancia de vida, da sua sensibilidade em rela\u00e7\u00e3o \u00e0 vida do outro, &hellip;<\/p>\n<p class=\"read-more\"> <a class=\"\" href=\"https:\/\/www.cnbb.org.br\/a-palavra-de-deus-protege-a-vida\/\"> <span class=\"screen-reader-text\">A Palavra de Deus protege a vida<\/span> Leia mais &raquo;<\/a><\/p>\n","protected":false},"author":20,"featured_media":0,"comment_status":"open","ping_status":"open","sticky":false,"template":"","format":"standard","meta":{"site-sidebar-layout":"default","site-content-layout":"default","ast-global-header-display":"","ast-banner-title-visibility":"","ast-main-header-display":"","ast-hfb-above-header-display":"","ast-hfb-below-header-display":"","ast-hfb-mobile-header-display":"","site-post-title":"","ast-breadcrumbs-content":"","ast-featured-img":"","footer-sml-layout":"","theme-transparent-header-meta":"default","adv-header-id-meta":"","stick-header-meta":"","header-above-stick-meta":"","header-main-stick-meta":"","header-below-stick-meta":""},"categories":[758],"tags":[],"acf":[],"_links":{"self":[{"href":"https:\/\/www.cnbb.org.br\/cnbb-app\/wp\/v2\/posts\/249671"}],"collection":[{"href":"https:\/\/www.cnbb.org.br\/cnbb-app\/wp\/v2\/posts"}],"about":[{"href":"https:\/\/www.cnbb.org.br\/cnbb-app\/wp\/v2\/types\/post"}],"author":[{"embeddable":true,"href":"https:\/\/www.cnbb.org.br\/cnbb-app\/wp\/v2\/users\/20"}],"replies":[{"embeddable":true,"href":"https:\/\/www.cnbb.org.br\/cnbb-app\/wp\/v2\/comments?post=249671"}],"version-history":[{"count":0,"href":"https:\/\/www.cnbb.org.br\/cnbb-app\/wp\/v2\/posts\/249671\/revisions"}],"wp:attachment":[{"href":"https:\/\/www.cnbb.org.br\/cnbb-app\/wp\/v2\/media?parent=249671"}],"wp:term":[{"taxonomy":"category","embeddable":true,"href":"https:\/\/www.cnbb.org.br\/cnbb-app\/wp\/v2\/categories?post=249671"},{"taxonomy":"post_tag","embeddable":true,"href":"https:\/\/www.cnbb.org.br\/cnbb-app\/wp\/v2\/tags?post=249671"}],"curies":[{"name":"wp","href":"https:\/\/api.w.org\/{rel}","templated":true}]}}