{"id":24980,"date":"2011-03-22T00:00:00","date_gmt":"2011-03-22T03:00:00","guid":{"rendered":"https:\/\/www.cnbb.org.br\/sao-paulo-inicia-a-organizacao-do-1o-encontro-regional-da-infancia-e-adolescencia-missionaria\/"},"modified":"2011-03-22T00:00:00","modified_gmt":"2011-03-22T03:00:00","slug":"sao-paulo-inicia-a-organizacao-do-1o-encontro-regional-da-infancia-e-adolescencia-missionaria","status":"publish","type":"post","link":"https:\/\/www.cnbb.org.br\/sao-paulo-inicia-a-organizacao-do-1o-encontro-regional-da-infancia-e-adolescencia-missionaria\/","title":{"rendered":"S\u00e3o Paulo inicia a organiza\u00e7\u00e3o do 1\u00ba Encontro Regional da Inf\u00e2ncia e Adolesc\u00eancia Mission\u00e1ria"},"content":{"rendered":"<p style=\"text-align: justify\">No domingo, 20, a equipe regional da Inf\u00e2ncia e Adolesc\u00eancia Mission\u00e1ria (IAM) do estado de S\u00e3o Paulo (SP), esteve reunida na sede da Obra dos Cen\u00e1culos Mission\u00e1rios, na Lapa, realizando a sua primeira reuni\u00e3o anual.<\/p>\n<p>  <!--more-->  <\/p>\n<p style=\"text-align: justify\">A equipe \u00e9 formada por membros da arquidiocese de S\u00e3o Paulo, das dioceses de Santo Andr\u00e9, Santos, S\u00e3o Miguel Paulista e Taubat\u00e9.<br \/>Na pauta do dia foi apresentado o calend\u00e1rio da IAM no estado, tendo destaque a organiza\u00e7\u00e3o do 1\u00ba Encontro Regional da Inf\u00e2ncia e Adolesc\u00eancia Mission\u00e1ria (ERIM), a ser realizado nos dias 16 e 17 de julho na cidade de Emb\u00fa (SP).<\/p>\n<p style=\"text-align: justify\">N\u00e1dia Maria da Silva Fusinato, coordenadora da IAM em S\u00e3o Paulo, lembrou que o ERIM \u00e9 dedicado \u00e0s crian\u00e7as e adolescentes mission\u00e1rios e quer ser um momento de anima\u00e7\u00e3o e partilha de experi\u00eancias.<\/p>\n<p style=\"text-align: justify\"><img decoding=\"async\" loading=\"lazy\" class=\" alignright size-full wp-image-8882\" style=\"float: right\" alt=\"Cartaz_ERIM\" src=\"https:\/\/www.cnbb.org.br\/wp-content\/uploads\/2020\/03\/Cartaz_ERIM.jpg\" width=\"300\" height=\"424\" \/>S\u00e3o esperados cerca de 150 participantes de todas as dioceses do estado. O tema escolhido para o encontro \u00e9 &#8220;Miss\u00e3o e Ecologia&#8221;, em sintonia com as Campanhas da Fraternidade e Mission\u00e1ria deste ano.<\/p>\n<p style=\"text-align: justify\">Rodrigo Alves Piatezzi, da diocese de S\u00e3o Miguel Paulista, salientou que \u201ccom este tema, a Inf\u00e2ncia e Adolesc\u00eancia Mission\u00e1ria quer lutar pela defesa de toda a vida no planeta, n\u00e3o somente pela defesa do Meio Ambiente, mas tamb\u00e9m do ser humano, principalmente das crian\u00e7as, constantemente amea\u00e7adas pelas guerras, fome, falta de saneamento b\u00e1sico, viol\u00eancia e o trabalho escravo\u201d.<\/p>\n<p style=\"text-align: justify\">O encontro ser\u00e1 desenvolvido atrav\u00e9s de palestras, din\u00e2micas, teatro, oficinas, testemunhos, momentos de ora\u00e7\u00e3o e troca de experi\u00eancias, destacando o protagonismo das crian\u00e7as e adolescentes mission\u00e1rios.<\/p>\n","protected":false},"excerpt":{"rendered":"<p>No domingo, 20, a equipe regional da Inf\u00e2ncia e Adolesc\u00eancia Mission\u00e1ria (IAM) do estado de S\u00e3o Paulo (SP), esteve reunida na sede da Obra dos Cen\u00e1culos Mission\u00e1rios, na Lapa, realizando a sua primeira reuni\u00e3o anual.<\/p>\n","protected":false},"author":83,"featured_media":24982,"comment_status":"open","ping_status":"open","sticky":false,"template":"","format":"standard","meta":{"site-sidebar-layout":"default","site-content-layout":"default","ast-global-header-display":"","ast-banner-title-visibility":"","ast-main-header-display":"","ast-hfb-above-header-display":"","ast-hfb-below-header-display":"","ast-hfb-mobile-header-display":"","site-post-title":"","ast-breadcrumbs-content":"","ast-featured-img":"","footer-sml-layout":"","theme-transparent-header-meta":"","adv-header-id-meta":"","stick-header-meta":"","header-above-stick-meta":"","header-main-stick-meta":"","header-below-stick-meta":""},"categories":[769,772],"tags":[],"acf":[],"_links":{"self":[{"href":"https:\/\/www.cnbb.org.br\/cnbb-app\/wp\/v2\/posts\/24980"}],"collection":[{"href":"https:\/\/www.cnbb.org.br\/cnbb-app\/wp\/v2\/posts"}],"about":[{"href":"https:\/\/www.cnbb.org.br\/cnbb-app\/wp\/v2\/types\/post"}],"author":[{"embeddable":true,"href":"https:\/\/www.cnbb.org.br\/cnbb-app\/wp\/v2\/users\/83"}],"replies":[{"embeddable":true,"href":"https:\/\/www.cnbb.org.br\/cnbb-app\/wp\/v2\/comments?post=24980"}],"version-history":[{"count":0,"href":"https:\/\/www.cnbb.org.br\/cnbb-app\/wp\/v2\/posts\/24980\/revisions"}],"wp:featuredmedia":[{"embeddable":true,"href":"https:\/\/www.cnbb.org.br\/cnbb-app\/wp\/v2\/media\/24982"}],"wp:attachment":[{"href":"https:\/\/www.cnbb.org.br\/cnbb-app\/wp\/v2\/media?parent=24980"}],"wp:term":[{"taxonomy":"category","embeddable":true,"href":"https:\/\/www.cnbb.org.br\/cnbb-app\/wp\/v2\/categories?post=24980"},{"taxonomy":"post_tag","embeddable":true,"href":"https:\/\/www.cnbb.org.br\/cnbb-app\/wp\/v2\/tags?post=24980"}],"curies":[{"name":"wp","href":"https:\/\/api.w.org\/{rel}","templated":true}]}}