{"id":250006,"date":"2020-10-01T11:36:05","date_gmt":"2020-10-01T14:36:05","guid":{"rendered":"https:\/\/www.cnbb.org.br\/?p=250006"},"modified":"2020-10-01T11:36:05","modified_gmt":"2020-10-01T14:36:05","slug":"sul-2-bispos-do-parana-concluem-assembleia","status":"publish","type":"post","link":"https:\/\/www.cnbb.org.br\/sul-2-bispos-do-parana-concluem-assembleia\/","title":{"rendered":"Bispos do Paran\u00e1 concluem assembleia em Londrina"},"content":{"rendered":"<p style=\"text-align: justify;\">Os bispos do Regional Sul 2 da Confer\u00eancia Nacional dos Bispos do Brasil (CNBB) conclu\u00edram, na \u00faltima ter\u00e7a-feira, 29 de outubro, sua Assembleia, realizada em Londrina (PR), desde o dia 27. A missa do \u00faltimo dia do encontro foi presidida pelo arcebispo de Maring\u00e1 (PR), dom Severino Clasen, que participou pela primeira da assembleia como bispo do Regional.<\/p>\n<p style=\"text-align: justify;\">Dentre os assuntos em pauta, estavam quest\u00f5es de ordem financeira e administrativa, e a Lei Geral de Prote\u00e7\u00e3o de Dados (LGPD), abordada pelo advogado Hugo Cysneiros, assessor jur\u00eddico da CNBB, por meio de uma videoconfer\u00eancia.\u00a0Ao final da assembleia, os bispos tamb\u00e9m alinharam algumas datas para o calend\u00e1rio de 2021. Uma delas foi a defini\u00e7\u00e3o da pr\u00f3xima assembleia que acontecer\u00e1 em mar\u00e7o de 2021, na diocese de Palmas-Francisco Beltr\u00e3o (PR).<\/p>\n<p style=\"text-align: justify;\"><a href=\"https:\/\/cnbbs2.org.br\/2020\/09\/bispos-do-parana-concluem-assembleia-em-londrina\/\" target=\"_blank\" rel=\"noopener\">Leia a not\u00edcia na \u00edntegra.<\/a><\/p>\n","protected":false},"excerpt":{"rendered":"<p>Os bispos do Regional Sul 2 da Confer\u00eancia Nacional dos Bispos do Brasil (CNBB) conclu\u00edram, na \u00faltima ter\u00e7a-feira, 29 de outubro, sua Assembleia, realizada em Londrina (PR), desde o dia 27. A missa do \u00faltimo dia do encontro foi presidida pelo arcebispo de Maring\u00e1 (PR), dom Severino Clasen, que participou pela primeira da assembleia como &hellip;<\/p>\n<p class=\"read-more\"> <a class=\"\" href=\"https:\/\/www.cnbb.org.br\/sul-2-bispos-do-parana-concluem-assembleia\/\"> <span class=\"screen-reader-text\">Bispos do Paran\u00e1 concluem assembleia em Londrina<\/span> Leia mais &raquo;<\/a><\/p>\n","protected":false},"author":83,"featured_media":250007,"comment_status":"open","ping_status":"open","sticky":false,"template":"","format":"standard","meta":{"site-sidebar-layout":"default","site-content-layout":"default","ast-global-header-display":"","ast-banner-title-visibility":"","ast-main-header-display":"","ast-hfb-above-header-display":"","ast-hfb-below-header-display":"","ast-hfb-mobile-header-display":"","site-post-title":"","ast-breadcrumbs-content":"","ast-featured-img":"","footer-sml-layout":"","theme-transparent-header-meta":"default","adv-header-id-meta":"","stick-header-meta":"","header-above-stick-meta":"","header-main-stick-meta":"","header-below-stick-meta":""},"categories":[781],"tags":[],"acf":[],"_links":{"self":[{"href":"https:\/\/www.cnbb.org.br\/cnbb-app\/wp\/v2\/posts\/250006"}],"collection":[{"href":"https:\/\/www.cnbb.org.br\/cnbb-app\/wp\/v2\/posts"}],"about":[{"href":"https:\/\/www.cnbb.org.br\/cnbb-app\/wp\/v2\/types\/post"}],"author":[{"embeddable":true,"href":"https:\/\/www.cnbb.org.br\/cnbb-app\/wp\/v2\/users\/83"}],"replies":[{"embeddable":true,"href":"https:\/\/www.cnbb.org.br\/cnbb-app\/wp\/v2\/comments?post=250006"}],"version-history":[{"count":0,"href":"https:\/\/www.cnbb.org.br\/cnbb-app\/wp\/v2\/posts\/250006\/revisions"}],"wp:featuredmedia":[{"embeddable":true,"href":"https:\/\/www.cnbb.org.br\/cnbb-app\/wp\/v2\/media\/250007"}],"wp:attachment":[{"href":"https:\/\/www.cnbb.org.br\/cnbb-app\/wp\/v2\/media?parent=250006"}],"wp:term":[{"taxonomy":"category","embeddable":true,"href":"https:\/\/www.cnbb.org.br\/cnbb-app\/wp\/v2\/categories?post=250006"},{"taxonomy":"post_tag","embeddable":true,"href":"https:\/\/www.cnbb.org.br\/cnbb-app\/wp\/v2\/tags?post=250006"}],"curies":[{"name":"wp","href":"https:\/\/api.w.org\/{rel}","templated":true}]}}