{"id":25002,"date":"2011-05-01T00:00:00","date_gmt":"2011-05-01T03:00:00","guid":{"rendered":"https:\/\/www.cnbb.org.br\/diocese-de-sao-jose-dos-campos-comemora-30-anos\/"},"modified":"2011-05-01T00:00:00","modified_gmt":"2011-05-01T03:00:00","slug":"diocese-de-sao-jose-dos-campos-comemora-30-anos","status":"publish","type":"post","link":"https:\/\/www.cnbb.org.br\/diocese-de-sao-jose-dos-campos-comemora-30-anos\/","title":{"rendered":"Diocese de S\u00e3o Jos\u00e9 dos Campos comemora 30 anos"},"content":{"rendered":"<p style=\"text-align: justify\">A Diocese de S\u00e3o Jos\u00e9 dos Campos celebra neste domingo, 1\u00b0 de maio, o 30\u00b0 anivers\u00e1rio de sua instala\u00e7\u00e3o. Para celebrar a data, uma missa foi celebrada \u00e0s 15h, no Parque da Cidade.<\/p>\n<p><!--more--><\/p>\n<p style=\"text-align: justify\">Sob o pontificado do agora Beato Jo\u00e3o Paulo II, a diocese foi criada, tendo S\u00e3o Jos\u00e9 como padroeiro e como primeiro bispo dom Eus\u00e9bio Oscar Scheid, que a governou por dez anos. A partir de 1991 o pastoreio de dom Nelson Westrupp consolidou o trabalho iniciado por dom Eus\u00e9bio<\/p>\n<p style=\"text-align: justify\">O ano de 2004 marcou o in\u00edcio de uma nova etapa na caminhada da diocese de S\u00e3o Jos\u00e9 dos Campos com a elei\u00e7\u00e3o e posse de seu terceiro bispo, dom Moacir Silva, que realizou o I S\u00ednodo Diocesano entre 2008 e 2009.<\/p>\n<p>Nos 30 anos da diocese foram ordenados 74 padres e 60 di\u00e1conos permanentes. Conta hoje com um total de 80 padres, sendo 69 diocesanos e 11 religiosos, e 60 di\u00e1conos permanentes. Os seminaristas somam 25 (7 no curso proped\u00eautico, 8 na Filosofia e 10 na Teologia). Foram erigidas 21 novas par\u00f3quias que, somadas a outras 21 j\u00e1 existentes, totalizam hoje 42.<\/p>\n<p>A diocese de S\u00e3o Jos\u00e9 conta ainda com a presen\u00e7a de 11 comunidades religiosas femininas e um grande n\u00famero de leigos e leigas comprometidos com os trabalhos nas pastorais, movimentos, associa\u00e7\u00f5es e organismos diocesanos.<\/p>\n","protected":false},"excerpt":{"rendered":"<p>A Diocese de S\u00e3o Jos\u00e9 dos Campos celebra neste domingo, 1\u00b0 de maio, o 30\u00b0 anivers\u00e1rio de sua instala\u00e7\u00e3o. Para celebrar a data, uma missa foi celebrada \u00e0s 15h, no Parque da Cidade.<\/p>\n","protected":false},"author":83,"featured_media":25003,"comment_status":"open","ping_status":"open","sticky":false,"template":"","format":"standard","meta":{"site-sidebar-layout":"default","site-content-layout":"default","ast-global-header-display":"","ast-banner-title-visibility":"","ast-main-header-display":"","ast-hfb-above-header-display":"","ast-hfb-below-header-display":"","ast-hfb-mobile-header-display":"","site-post-title":"","ast-breadcrumbs-content":"","ast-featured-img":"","footer-sml-layout":"","theme-transparent-header-meta":"","adv-header-id-meta":"","stick-header-meta":"","header-above-stick-meta":"","header-main-stick-meta":"","header-below-stick-meta":""},"categories":[769,772],"tags":[],"acf":[],"_links":{"self":[{"href":"https:\/\/www.cnbb.org.br\/cnbb-app\/wp\/v2\/posts\/25002"}],"collection":[{"href":"https:\/\/www.cnbb.org.br\/cnbb-app\/wp\/v2\/posts"}],"about":[{"href":"https:\/\/www.cnbb.org.br\/cnbb-app\/wp\/v2\/types\/post"}],"author":[{"embeddable":true,"href":"https:\/\/www.cnbb.org.br\/cnbb-app\/wp\/v2\/users\/83"}],"replies":[{"embeddable":true,"href":"https:\/\/www.cnbb.org.br\/cnbb-app\/wp\/v2\/comments?post=25002"}],"version-history":[{"count":0,"href":"https:\/\/www.cnbb.org.br\/cnbb-app\/wp\/v2\/posts\/25002\/revisions"}],"wp:featuredmedia":[{"embeddable":true,"href":"https:\/\/www.cnbb.org.br\/cnbb-app\/wp\/v2\/media\/25003"}],"wp:attachment":[{"href":"https:\/\/www.cnbb.org.br\/cnbb-app\/wp\/v2\/media?parent=25002"}],"wp:term":[{"taxonomy":"category","embeddable":true,"href":"https:\/\/www.cnbb.org.br\/cnbb-app\/wp\/v2\/categories?post=25002"},{"taxonomy":"post_tag","embeddable":true,"href":"https:\/\/www.cnbb.org.br\/cnbb-app\/wp\/v2\/tags?post=25002"}],"curies":[{"name":"wp","href":"https:\/\/api.w.org\/{rel}","templated":true}]}}