{"id":250023,"date":"2020-10-01T15:23:54","date_gmt":"2020-10-01T18:23:54","guid":{"rendered":"https:\/\/www.cnbb.org.br\/?p=250023"},"modified":"2020-10-01T15:24:20","modified_gmt":"2020-10-01T18:24:20","slug":"o-cristao-cidadao-3a-parte","status":"publish","type":"post","link":"https:\/\/www.cnbb.org.br\/o-cristao-cidadao-3a-parte\/","title":{"rendered":"O crist\u00e3o cidad\u00e3o \u2013 3\u00aa parte"},"content":{"rendered":"<div class=\"_2vreQC5gkI3XCcLRq638aT\">\n<div class=\"_30xWjUPGZhpuRi35EVSJLL _2dudd1Co_AQo__3Mg48CAr\">\n<div class=\"_1rGA5291Yki5ZAtnlCWE_6\">\n<div class=\"_1RXgKvT5uZsOz60ou2Py5p\">\n<div class=\"nd61WdEGM_AYd1pkT3C0- allowTextSelection\" style=\"text-align: right;\" title=\"Artigo semanal de Dom Rodolfo Lu\u00eds Weber\" role=\"heading\" aria-level=\"2\"><strong><span class=\"ITWTqi_23IoOPmK3O6ErT\">Dom Rodolfo Lu\u00eds Weber<\/span><\/strong><\/div>\n<\/div>\n<\/div>\n<\/div>\n<div class=\"_2i_RngRaG8pEq-tyFJJ2MD\" style=\"text-align: right;\">\n<div class=\"\"><strong style=\"font-size: 16px;\">Arcebispo de Passo Fundo<\/strong><\/div>\n<\/div>\n<\/div>\n<div class=\"_2BDBxo-9kfOUcm02zcT5PR\">\n<div class=\"aKEZUGyWi5haT6riFXgvp customScrollBar\" tabindex=\"-1\">\n<div class=\"_2le66D_cFAbkq67CrgZcmE\">\n<div class=\"\">\n<div class=\"wide-content-host\">\n<div class=\"B1IVVpQay0rPzznhParFr KcNy0Xfd9-is-_CEp3QOI\" tabindex=\"-1\">\n<div class=\"_3FAYod7kjH9o5HZX_Phvf6 allowTextSelection\">\n<div class=\"_1Lo7BjmdsKZy3IMMxN7mVu\">\n<div class=\"_2CRlxt5XG5f-niSlWZo1fR\" style=\"text-align: right;\">\n<p>&nbsp;<\/p>\n<p style=\"text-align: justify;\">No m\u00eas de setembro ocorreram duas datas c\u00edvicas importantes: a Semana da P\u00e1tria em n\u00edvel nacional e no Rio Grande do Sul aconteceu a Semana Farroupilha. No m\u00eas de outubro e novembro, deste ano, toda sociedade brasileira \u00e9 conclamada a debru\u00e7ar-se sobre os munic\u00edpios. Cada cidad\u00e3o, possuidor de direitos e deveres, \u00e9 provocado para fazer a leitura da realidade do seu munic\u00edpio para evidenciar os acertos existentes e estudar sa\u00eddas para os maiores problemas. Al\u00e9m do desafio de escolher as autoridades para o poder executivo e legislativo municipal.<\/p>\n<p style=\"text-align: justify;\">O Comp\u00eandio da Doutrina Social da Igreja apresenta de maneira abrangente e org\u00e2nica o ensinamento social da Igreja. \u00c9 um documento no qual o crist\u00e3o encontra \u201cos princ\u00edpios de reflex\u00e3o, os crit\u00e9rios de julgamento e as diretrizes de a\u00e7\u00e3o donde partir para promover esse humanismo integral solid\u00e1rio\u201d (n.7). O cap\u00edtulo VIII apresenta a \u201cComunidade Pol\u00edtica\u201d que, em parte, j\u00e1 foi apresentado anteriormente. Todos os cidad\u00e3os est\u00e3o diante de v\u00e1rios candidatos dos quais devem escolher dois. Os seguintes ensinamentos podem ajudar no discernimento.<\/p>\n<p style=\"text-align: justify;\">\u201cA Igreja tem-se confrontado com diversas concep\u00e7\u00f5es de autoridade, tendo sempre o cuidado de defender e propor um modelo fundado na natureza social das pessoas: Com efeito, Deus criou os homens sociais por natureza e, j\u00e1 que sociedade alguma pode subsistir sem um chefe que, com o mesmo impulso eficaz, encaminhe todos para o fim comum, conclui-se que a comunidade a humana tem necessidade de uma autoridade que a governe. A autoridade pol\u00edtica \u00e9, portanto, necess\u00e1ria em fun\u00e7\u00e3o das tarefas que lhe s\u00e3o atribu\u00eddas e deve ser uma componente positiva e insubstitu\u00edvel da conviv\u00eancia civil\u201d.<\/p>\n<p style=\"text-align: justify;\">\u201cA autoridade pol\u00edtica deve garantir a vida ordenada e reta da comunidade, sem tomar o lugar da livre iniciativa dos indiv\u00edduos e dos grupos, mas disciplinando-a e orientando-a, no respeito e na tutela da independ\u00eancia dos sujeitos individuais e sociais, para a realiza\u00e7\u00e3o do bem comum. A autoridade pol\u00edtica \u00e9 o instrumento de coordena\u00e7\u00e3o e dire\u00e7\u00e3o, mediante o qual os indiv\u00edduos e os corpos interm\u00e9dios se devem orientar para uma ordem cujas rela\u00e7\u00f5es, institui\u00e7\u00f5es e procedimentos estejam ao servi\u00e7o do crescimento humano integral\u201d.<\/p>\n<p style=\"text-align: justify;\">\u201cO sujeito da autoridade pol\u00edtica \u00e9 o povo considerando na sua totalidade como detentor da soberania. O povo, de diferentes modos, transfere o exerc\u00edcio da sua soberania para aqueles que elege livremente como seus representantes, mas conserva a faculdade de a fazer valer no controle da atua\u00e7\u00e3o dos governantes e tamb\u00e9m na sua substitui\u00e7\u00e3o, caso n\u00e3o cumpram de modo satisfat\u00f3rio as suas fun\u00e7\u00f5es\u201d.<\/p>\n<p style=\"text-align: justify;\">\u201cA autoridade, pois, deve deixar-se guiar pela lei moral: toda a sua dignidade deriva do desenrolar-se no \u00e2mbito da ordem moral. A autoridade deve reconhecer, respeitar e promover os valores humanos e morais essenciais. Estes s\u00e3o inatos, derivam da pr\u00f3pria verdade do ser humano, e exprimem e tutelam a dignidade da pessoa: valores que nenhum indiv\u00edduo, nenhuma maioria e nenhum Estado poder\u00e1 jamais criar, modificar ou destruir\u201d.<\/p>\n<p style=\"text-align: justify;\">\u201cA autoridade deve exarar leis justas, isto \u00e9, em conformidade com a dignidade humana e com os ditames da reta raz\u00e3o. Para tutelar o bem comum, a leg\u00edtima autoridade p\u00fablica deve exercitar o direito e o dever de infligir penas proporcionais \u00e0 gravidade dos delitos\u201d.<\/p>\n<p style=\"text-align: justify;\">\u201cA comunidade pol\u00edtica \u00e9 constitu\u00edda para estar ao servi\u00e7o da sociedade civil e, em \u00faltima an\u00e1lise, das pessoas e dos grupos que a comp\u00f5em. O Estado deve favorecer um quadro jur\u00eddico adequado ao livre exerc\u00edcio das atividades dos sujeitos sociais e estar pronto a intervir, sempre que for necess\u00e1rio, e respeitando o princ\u00edpio da subsidiariedade, para orientar o bem comum\u201d.<\/p>\n<p>&nbsp;<\/p>\n<p>&nbsp;<\/p>\n<p>&nbsp;<\/p>\n<p>&nbsp;<\/p>\n<\/div>\n<\/div>\n<\/div>\n<\/div>\n<\/div>\n<\/div>\n<\/div>\n<\/div>\n<\/div>\n","protected":false},"excerpt":{"rendered":"<p>Dom Rodolfo Lu\u00eds Weber Arcebispo de Passo Fundo &nbsp; No m\u00eas de setembro ocorreram duas datas c\u00edvicas importantes: a Semana da P\u00e1tria em n\u00edvel nacional e no Rio Grande do Sul aconteceu a Semana Farroupilha. No m\u00eas de outubro e novembro, deste ano, toda sociedade brasileira \u00e9 conclamada a debru\u00e7ar-se sobre os munic\u00edpios. Cada cidad\u00e3o, &hellip;<\/p>\n<p class=\"read-more\"> <a class=\"\" href=\"https:\/\/www.cnbb.org.br\/o-cristao-cidadao-3a-parte\/\"> <span class=\"screen-reader-text\">O crist\u00e3o cidad\u00e3o \u2013 3\u00aa parte<\/span> Leia mais &raquo;<\/a><\/p>\n","protected":false},"author":27,"featured_media":0,"comment_status":"open","ping_status":"open","sticky":false,"template":"","format":"standard","meta":{"site-sidebar-layout":"default","site-content-layout":"default","ast-global-header-display":"","ast-banner-title-visibility":"","ast-main-header-display":"","ast-hfb-above-header-display":"","ast-hfb-below-header-display":"","ast-hfb-mobile-header-display":"","site-post-title":"","ast-breadcrumbs-content":"","ast-featured-img":"","footer-sml-layout":"","theme-transparent-header-meta":"default","adv-header-id-meta":"","stick-header-meta":"","header-above-stick-meta":"","header-main-stick-meta":"","header-below-stick-meta":""},"categories":[758],"tags":[],"acf":[],"_links":{"self":[{"href":"https:\/\/www.cnbb.org.br\/cnbb-app\/wp\/v2\/posts\/250023"}],"collection":[{"href":"https:\/\/www.cnbb.org.br\/cnbb-app\/wp\/v2\/posts"}],"about":[{"href":"https:\/\/www.cnbb.org.br\/cnbb-app\/wp\/v2\/types\/post"}],"author":[{"embeddable":true,"href":"https:\/\/www.cnbb.org.br\/cnbb-app\/wp\/v2\/users\/27"}],"replies":[{"embeddable":true,"href":"https:\/\/www.cnbb.org.br\/cnbb-app\/wp\/v2\/comments?post=250023"}],"version-history":[{"count":0,"href":"https:\/\/www.cnbb.org.br\/cnbb-app\/wp\/v2\/posts\/250023\/revisions"}],"wp:attachment":[{"href":"https:\/\/www.cnbb.org.br\/cnbb-app\/wp\/v2\/media?parent=250023"}],"wp:term":[{"taxonomy":"category","embeddable":true,"href":"https:\/\/www.cnbb.org.br\/cnbb-app\/wp\/v2\/categories?post=250023"},{"taxonomy":"post_tag","embeddable":true,"href":"https:\/\/www.cnbb.org.br\/cnbb-app\/wp\/v2\/tags?post=250023"}],"curies":[{"name":"wp","href":"https:\/\/api.w.org\/{rel}","templated":true}]}}